{"id":1028,"date":"2026-01-29T17:42:08","date_gmt":"2026-01-29T17:42:08","guid":{"rendered":"https:\/\/uniprof.com.br\/blog\/?p=1028"},"modified":"2026-01-29T17:49:16","modified_gmt":"2026-01-29T17:49:16","slug":"como-a-formacao-presencial-aplicada-transforma-praticas-institucionais-reais","status":"publish","type":"post","link":"https:\/\/uniprof.com.br\/blog\/como-a-formacao-presencial-aplicada-transforma-praticas-institucionais-reais\/","title":{"rendered":"Como a forma\u00e7\u00e3o presencial aplicada transforma pr\u00e1ticas institucionais reais"},"content":{"rendered":"<div id=\"bsf_rt_marker\"><\/div>\t\t<div data-elementor-type=\"wp-post\" data-elementor-id=\"1028\" class=\"elementor elementor-1028\">\n\t\t\t\t\t\t<section class=\"elementor-section elementor-top-section elementor-element elementor-element-a863b43 elementor-section-boxed elementor-section-height-default elementor-section-height-default\" data-id=\"a863b43\" data-element_type=\"section\">\n\t\t\t\t\t\t<div class=\"elementor-container elementor-column-gap-default\">\n\t\t\t\t\t<div class=\"elementor-column elementor-col-100 elementor-top-column elementor-element elementor-element-bea8976\" data-id=\"bea8976\" data-element_type=\"column\">\n\t\t\t<div class=\"elementor-widget-wrap elementor-element-populated\">\n\t\t\t\t\t\t<div class=\"elementor-element elementor-element-1a8581c elementor-widget elementor-widget-text-editor\" data-id=\"1a8581c\" data-element_type=\"widget\" data-widget_type=\"text-editor.default\">\n\t\t\t\t<div class=\"elementor-widget-container\">\n\t\t\t\t\t\t\t\t\t<p data-start=\"350\" data-end=\"718\">Durante anos, a capacita\u00e7\u00e3o profissional foi tratada como um evento isolado: um curso pontual, algumas horas de conte\u00fado e um certificado ao final. Na pr\u00e1tica institucional, por\u00e9m, esse modelo mostrou seus limites. O que transforma rotinas, processos e decis\u00f5es n\u00e3o \u00e9 apenas o acesso \u00e0 informa\u00e7\u00e3o, mas a <strong data-start=\"654\" data-end=\"717\">experi\u00eancia formativa aplicada ao contexto real de trabalho<\/strong>.<\/p><p data-start=\"720\" data-end=\"947\">A forma\u00e7\u00e3o presencial aplicada parte de um princ\u00edpio simples e frequentemente negligenciado: <strong data-start=\"813\" data-end=\"946\">pessoas aprendem melhor quando conseguem relacionar o conte\u00fado diretamente aos problemas que enfrentam no cotidiano institucional<\/strong>.<\/p><h3 data-start=\"949\" data-end=\"1000\">Forma\u00e7\u00e3o aplicada: da teoria \u00e0 pr\u00e1tica concreta<\/h3><p data-start=\"1002\" data-end=\"1307\">Ao contr\u00e1rio de treinamentos gen\u00e9ricos, a forma\u00e7\u00e3o presencial aplicada se ancora em situa\u00e7\u00f5es reais, fluxos de trabalho existentes e desafios espec\u00edficos de cada institui\u00e7\u00e3o. Estudos em educa\u00e7\u00e3o de adultos e aprendizagem organizacional mostram que o aprendizado significativo ocorre quando o profissional:<\/p><ul data-start=\"1309\" data-end=\"1532\"><li data-start=\"1309\" data-end=\"1356\"><p data-start=\"1311\" data-end=\"1356\">reconhece o problema no seu pr\u00f3prio contexto;<\/p><\/li><li data-start=\"1357\" data-end=\"1417\"><p data-start=\"1359\" data-end=\"1417\">compreende o fundamento te\u00f3rico que explica esse problema;<\/p><\/li><li data-start=\"1418\" data-end=\"1464\"><p data-start=\"1420\" data-end=\"1464\">testa solu\u00e7\u00f5es durante o processo formativo;<\/p><\/li><li data-start=\"1465\" data-end=\"1532\"><p data-start=\"1467\" data-end=\"1532\">retorna ao ambiente de trabalho com repert\u00f3rio pr\u00e1tico para agir.<\/p><\/li><\/ul><p data-start=\"1534\" data-end=\"1647\">Esse modelo reduz a dist\u00e2ncia entre \u201csaber\u201d e \u201cfazer\u201d \u2014 um dos principais gargalos das capacita\u00e7\u00f5es tradicionais.<\/p><h3 data-start=\"1649\" data-end=\"1696\">Impactos diretos nas rotinas institucionais<\/h3><p data-start=\"1698\" data-end=\"1868\">Quando bem estruturada, a forma\u00e7\u00e3o presencial aplicada produz efeitos mensur\u00e1veis no funcionamento das organiza\u00e7\u00f5es. Entre os principais impactos observados, destacam-se:<\/p><ul data-start=\"1870\" data-end=\"2215\"><li data-start=\"1870\" data-end=\"1951\"><p data-start=\"1872\" data-end=\"1951\"><strong data-start=\"1872\" data-end=\"1901\">padroniza\u00e7\u00e3o de processos<\/strong>, com maior clareza de pap\u00e9is e responsabilidades;<\/p><\/li><li data-start=\"1952\" data-end=\"2039\"><p data-start=\"1954\" data-end=\"2039\"><strong data-start=\"1954\" data-end=\"1979\">redu\u00e7\u00e3o de retrabalho<\/strong>, erros operacionais e interpreta\u00e7\u00f5es divergentes de normas;<\/p><\/li><li data-start=\"2040\" data-end=\"2130\"><p data-start=\"2042\" data-end=\"2130\"><strong data-start=\"2042\" data-end=\"2075\">melhoria da tomada de decis\u00e3o<\/strong>, especialmente em ambientes p\u00fablicos e institucionais;<\/p><\/li><li data-start=\"2131\" data-end=\"2215\"><p data-start=\"2133\" data-end=\"2215\"><strong data-start=\"2133\" data-end=\"2177\">fortalecimento da cultura organizacional<\/strong>, com maior alinhamento entre equipes.<\/p><\/li><\/ul><p data-start=\"2217\" data-end=\"2353\">Esses resultados n\u00e3o decorrem apenas do conte\u00fado, mas da metodologia, da media\u00e7\u00e3o qualificada e da conex\u00e3o direta com a realidade local.<\/p><h3 data-start=\"2355\" data-end=\"2403\">O papel do formador e da media\u00e7\u00e3o presencial<\/h3><p data-start=\"2405\" data-end=\"2669\">Outro diferencial da forma\u00e7\u00e3o presencial aplicada est\u00e1 na figura do formador. Mais do que transmissor de conte\u00fado, ele atua como <strong data-start=\"2534\" data-end=\"2562\">mediador de experi\u00eancias<\/strong>, facilitando a leitura cr\u00edtica da realidade institucional e estimulando a constru\u00e7\u00e3o coletiva de solu\u00e7\u00f5es.<\/p><p data-start=\"2671\" data-end=\"2874\">Esse processo cria um ambiente seguro para o di\u00e1logo, a escuta e o confronto qualificado de pr\u00e1ticas \u2014 algo que dificilmente se reproduz em modelos exclusivamente digitais ou excessivamente padronizados.<\/p><h3 data-start=\"2876\" data-end=\"2927\">Forma\u00e7\u00e3o que n\u00e3o termina no encontro presencial<\/h3><p data-start=\"2929\" data-end=\"3111\">Um dos erros mais comuns em projetos formativos \u00e9 tratar o encontro presencial como ponto final. Na pr\u00e1tica, ele deve ser o <strong data-start=\"3053\" data-end=\"3110\">marco inicial de um ciclo cont\u00ednuo de desenvolvimento<\/strong>.<\/p><p data-start=\"3113\" data-end=\"3193\">Institui\u00e7\u00f5es que conseguem transformar pr\u00e1ticas reais s\u00e3o aquelas que articulam:<\/p><ul data-start=\"3194\" data-end=\"3344\"><li data-start=\"3194\" data-end=\"3228\"><p data-start=\"3196\" data-end=\"3228\">encontros presenciais aplicados;<\/p><\/li><li data-start=\"3229\" data-end=\"3256\"><p data-start=\"3231\" data-end=\"3256\">acompanhamento posterior;<\/p><\/li><li data-start=\"3257\" data-end=\"3298\"><p data-start=\"3259\" data-end=\"3298\">acesso permanente a conte\u00fados de apoio;<\/p><\/li><li data-start=\"3299\" data-end=\"3344\"><p data-start=\"3301\" data-end=\"3344\">espa\u00e7os de reflex\u00e3o e atualiza\u00e7\u00e3o cont\u00ednua.<\/p><\/li><\/ul><p data-start=\"3346\" data-end=\"3439\">Esse modelo sustenta mudan\u00e7as ao longo do tempo e evita que o aprendizado se perca na rotina.<\/p><h3 data-start=\"3441\" data-end=\"3514\">Por que esse modelo faz sentido para institui\u00e7\u00f5es p\u00fablicas e privadas<\/h3><p data-start=\"3516\" data-end=\"3767\">Em contextos institucionais complexos \u2014 como educa\u00e7\u00e3o, sa\u00fade, gest\u00e3o p\u00fablica e organiza\u00e7\u00f5es sociais \u2014 as decis\u00f5es impactam diretamente pessoas, recursos e pol\u00edticas. Nesses ambientes, <strong data-start=\"3700\" data-end=\"3766\">capacitar n\u00e3o \u00e9 acumular certificados, mas qualificar pr\u00e1ticas<\/strong>.<\/p><p data-start=\"3769\" data-end=\"3910\">A forma\u00e7\u00e3o presencial aplicada responde a essa necessidade ao alinhar conhecimento t\u00e9cnico, realidade local e responsabilidade institucional.<\/p>\t\t\t\t\t\t\t\t<\/div>\n\t\t\t\t<\/div>\n\t\t\t\t\t<\/div>\n\t\t<\/div>\n\t\t\t\t\t<\/div>\n\t\t<\/section>\n\t\t\t\t<\/div>\n\t\t","protected":false},"excerpt":{"rendered":"<p>A forma\u00e7\u00e3o presencial aplicada \u00e9 um modelo de capacita\u00e7\u00e3o que conecta teoria e pr\u00e1tica a partir da realidade institucional. Ao trabalhar situa\u00e7\u00f5es concretas do cotidiano profissional, esse formato fortalece a tomada de decis\u00e3o, melhora processos internos e gera mudan\u00e7as efetivas nas rotinas de trabalho. Diferente de treinamentos gen\u00e9ricos, a forma\u00e7\u00e3o aplicada promove aprendizado significativo, alinhado aos desafios reais de institui\u00e7\u00f5es p\u00fablicas e privadas, contribuindo para o desenvolvimento cont\u00ednuo de equipes e para a qualifica\u00e7\u00e3o da gest\u00e3o.<\/p>\n","protected":false},"author":2,"featured_media":1001,"comment_status":"closed","ping_status":"open","sticky":false,"template":"","format":"standard","meta":{"site-sidebar-layout":"default","site-content-layout":"","ast-site-content-layout":"default","site-content-style":"default","site-sidebar-style":"default","ast-global-header-display":"","ast-banner-title-visibility":"","ast-main-header-display":"","ast-hfb-above-header-display":"","ast-hfb-below-header-display":"","ast-hfb-mobile-header-display":"","site-post-title":"","ast-breadcrumbs-content":"","ast-featured-img":"","footer-sml-layout":"","ast-disable-related-posts":"","theme-transparent-header-meta":"","adv-header-id-meta":"","stick-header-meta":"","header-above-stick-meta":"","header-main-stick-meta":"","header-below-stick-meta":"","astra-migrate-meta-layouts":"default","ast-page-background-enabled":"default","ast-page-background-meta":{"desktop":{"background-color":"var(--ast-global-color-5)","background-image":"","background-repeat":"repeat","background-position":"center center","background-size":"auto","background-attachment":"scroll","background-type":"","background-media":"","overlay-type":"","overlay-color":"","overlay-opacity":"","overlay-gradient":""},"tablet":{"background-color":"","background-image":"","background-repeat":"repeat","background-position":"center center","background-size":"auto","background-attachment":"scroll","background-type":"","background-media":"","overlay-type":"","overlay-color":"","overlay-opacity":"","overlay-gradient":""},"mobile":{"background-color":"","background-image":"","background-repeat":"repeat","background-position":"center center","background-size":"auto","background-attachment":"scroll","background-type":"","background-media":"","overlay-type":"","overlay-color":"","overlay-opacity":"","overlay-gradient":""}},"ast-content-background-meta":{"desktop":{"background-color":"var(--ast-global-color-4)","background-image":"","background-repeat":"repeat","background-position":"center center","background-size":"auto","background-attachment":"scroll","background-type":"","background-media":"","overlay-type":"","overlay-color":"","overlay-opacity":"","overlay-gradient":""},"tablet":{"background-color":"var(--ast-global-color-4)","background-image":"","background-repeat":"repeat","background-position":"center center","background-size":"auto","background-attachment":"scroll","background-type":"","background-media":"","overlay-type":"","overlay-color":"","overlay-opacity":"","overlay-gradient":""},"mobile":{"background-color":"var(--ast-global-color-4)","background-image":"","background-repeat":"repeat","background-position":"center center","background-size":"auto","background-attachment":"scroll","background-type":"","background-media":"","overlay-type":"","overlay-color":"","overlay-opacity":"","overlay-gradient":""}},"footnotes":""},"categories":[139,137,138,92,25],"tags":[],"class_list":["post-1028","post","type-post","status-publish","format-standard","has-post-thumbnail","hentry","category-gestao-empresarial","category-gestao-publica","category-inovacao","category-todos","category-uniprof"],"yoast_head":"<!-- This site is optimized with the Yoast SEO plugin v26.8 - https:\/\/yoast.com\/product\/yoast-seo-wordpress\/ -->\n<title>Como a forma\u00e7\u00e3o presencial aplicada transforma pr\u00e1ticas institucionais reais - UniPROF | Novidades, estudos e atualiza\u00e7\u00f5es<\/title>\n<meta name=\"robots\" content=\"index, follow, max-snippet:-1, max-image-preview:large, max-video-preview:-1\" \/>\n<link rel=\"canonical\" href=\"https:\/\/uniprof.com.br\/blog\/como-a-formacao-presencial-aplicada-transforma-praticas-institucionais-reais\/\" \/>\n<meta property=\"og:locale\" content=\"pt_BR\" \/>\n<meta property=\"og:type\" content=\"article\" \/>\n<meta property=\"og:title\" content=\"Como a forma\u00e7\u00e3o presencial aplicada transforma pr\u00e1ticas institucionais reais - UniPROF | Novidades, estudos e atualiza\u00e7\u00f5es\" \/>\n<meta property=\"og:description\" content=\"A forma\u00e7\u00e3o presencial aplicada \u00e9 um modelo de capacita\u00e7\u00e3o que conecta teoria e pr\u00e1tica a partir da realidade institucional. Ao trabalhar situa\u00e7\u00f5es concretas do cotidiano profissional, esse formato fortalece a tomada de decis\u00e3o, melhora processos internos e gera mudan\u00e7as efetivas nas rotinas de trabalho. Diferente de treinamentos gen\u00e9ricos, a forma\u00e7\u00e3o aplicada promove aprendizado significativo, alinhado aos desafios reais de institui\u00e7\u00f5es p\u00fablicas e privadas, contribuindo para o desenvolvimento cont\u00ednuo de equipes e para a qualifica\u00e7\u00e3o da gest\u00e3o.\" \/>\n<meta property=\"og:url\" content=\"https:\/\/uniprof.com.br\/blog\/como-a-formacao-presencial-aplicada-transforma-praticas-institucionais-reais\/\" \/>\n<meta property=\"og:site_name\" content=\"UniPROF | Novidades, estudos e atualiza\u00e7\u00f5es\" \/>\n<meta property=\"article:publisher\" content=\"https:\/\/www.facebook.com\/uniprof.oficial\" \/>\n<meta property=\"article:published_time\" content=\"2026-01-29T17:42:08+00:00\" \/>\n<meta property=\"article:modified_time\" content=\"2026-01-29T17:49:16+00:00\" \/>\n<meta property=\"og:image\" content=\"https:\/\/uniprof.com.br\/blog\/wp-content\/uploads\/2026\/01\/Design-sem-nome-28.png\" \/>\n\t<meta property=\"og:image:width\" content=\"960\" \/>\n\t<meta property=\"og:image:height\" content=\"540\" \/>\n\t<meta property=\"og:image:type\" content=\"image\/png\" \/>\n<meta name=\"author\" content=\"Rodrigo Lopes\" \/>\n<meta name=\"twitter:card\" content=\"summary_large_image\" \/>\n<meta name=\"twitter:label1\" content=\"Escrito por\" \/>\n\t<meta name=\"twitter:data1\" content=\"Rodrigo Lopes\" \/>\n\t<meta name=\"twitter:label2\" content=\"Est. tempo de leitura\" \/>\n\t<meta name=\"twitter:data2\" content=\"3 minutos\" \/>\n<script type=\"application\/ld+json\" class=\"yoast-schema-graph\">{\"@context\":\"https:\/\/schema.org\",\"@graph\":[{\"@type\":\"Article\",\"@id\":\"https:\/\/uniprof.com.br\/blog\/como-a-formacao-presencial-aplicada-transforma-praticas-institucionais-reais\/#article\",\"isPartOf\":{\"@id\":\"https:\/\/uniprof.com.br\/blog\/como-a-formacao-presencial-aplicada-transforma-praticas-institucionais-reais\/\"},\"author\":{\"name\":\"Rodrigo Lopes\",\"@id\":\"https:\/\/uniprof.com.br\/blog\/#\/schema\/person\/8b33282622da791b1ff3e1f74b03d480\"},\"headline\":\"Como a forma\u00e7\u00e3o presencial aplicada transforma pr\u00e1ticas institucionais reais\",\"datePublished\":\"2026-01-29T17:42:08+00:00\",\"dateModified\":\"2026-01-29T17:49:16+00:00\",\"mainEntityOfPage\":{\"@id\":\"https:\/\/uniprof.com.br\/blog\/como-a-formacao-presencial-aplicada-transforma-praticas-institucionais-reais\/\"},\"wordCount\":559,\"publisher\":{\"@id\":\"https:\/\/uniprof.com.br\/blog\/#organization\"},\"image\":{\"@id\":\"https:\/\/uniprof.com.br\/blog\/como-a-formacao-presencial-aplicada-transforma-praticas-institucionais-reais\/#primaryimage\"},\"thumbnailUrl\":\"https:\/\/uniprof.com.br\/blog\/wp-content\/uploads\/2026\/01\/Design-sem-nome-28.png\",\"articleSection\":[\"Gest\u00e3o Empresarial\",\"Gest\u00e3o P\u00fablica\",\"Inova\u00e7\u00e3o\",\"Todos\",\"UniPROF\"],\"inLanguage\":\"pt-BR\"},{\"@type\":\"WebPage\",\"@id\":\"https:\/\/uniprof.com.br\/blog\/como-a-formacao-presencial-aplicada-transforma-praticas-institucionais-reais\/\",\"url\":\"https:\/\/uniprof.com.br\/blog\/como-a-formacao-presencial-aplicada-transforma-praticas-institucionais-reais\/\",\"name\":\"Como a forma\u00e7\u00e3o presencial aplicada transforma pr\u00e1ticas institucionais reais - UniPROF | Novidades, estudos e atualiza\u00e7\u00f5es\",\"isPartOf\":{\"@id\":\"https:\/\/uniprof.com.br\/blog\/#website\"},\"primaryImageOfPage\":{\"@id\":\"https:\/\/uniprof.com.br\/blog\/como-a-formacao-presencial-aplicada-transforma-praticas-institucionais-reais\/#primaryimage\"},\"image\":{\"@id\":\"https:\/\/uniprof.com.br\/blog\/como-a-formacao-presencial-aplicada-transforma-praticas-institucionais-reais\/#primaryimage\"},\"thumbnailUrl\":\"https:\/\/uniprof.com.br\/blog\/wp-content\/uploads\/2026\/01\/Design-sem-nome-28.png\",\"datePublished\":\"2026-01-29T17:42:08+00:00\",\"dateModified\":\"2026-01-29T17:49:16+00:00\",\"breadcrumb\":{\"@id\":\"https:\/\/uniprof.com.br\/blog\/como-a-formacao-presencial-aplicada-transforma-praticas-institucionais-reais\/#breadcrumb\"},\"inLanguage\":\"pt-BR\",\"potentialAction\":[{\"@type\":\"ReadAction\",\"target\":[\"https:\/\/uniprof.com.br\/blog\/como-a-formacao-presencial-aplicada-transforma-praticas-institucionais-reais\/\"]}]},{\"@type\":\"ImageObject\",\"inLanguage\":\"pt-BR\",\"@id\":\"https:\/\/uniprof.com.br\/blog\/como-a-formacao-presencial-aplicada-transforma-praticas-institucionais-reais\/#primaryimage\",\"url\":\"https:\/\/uniprof.com.br\/blog\/wp-content\/uploads\/2026\/01\/Design-sem-nome-28.png\",\"contentUrl\":\"https:\/\/uniprof.com.br\/blog\/wp-content\/uploads\/2026\/01\/Design-sem-nome-28.png\",\"width\":960,\"height\":540},{\"@type\":\"BreadcrumbList\",\"@id\":\"https:\/\/uniprof.com.br\/blog\/como-a-formacao-presencial-aplicada-transforma-praticas-institucionais-reais\/#breadcrumb\",\"itemListElement\":[{\"@type\":\"ListItem\",\"position\":1,\"name\":\"In\u00edcio\",\"item\":\"https:\/\/uniprof.com.br\/blog\/\"},{\"@type\":\"ListItem\",\"position\":2,\"name\":\"Como a forma\u00e7\u00e3o presencial aplicada transforma pr\u00e1ticas institucionais reais\"}]},{\"@type\":\"WebSite\",\"@id\":\"https:\/\/uniprof.com.br\/blog\/#website\",\"url\":\"https:\/\/uniprof.com.br\/blog\/\",\"name\":\"UniPROF | Novidades, estudos e atualiza\u00e7\u00f5es\",\"description\":\"\",\"publisher\":{\"@id\":\"https:\/\/uniprof.com.br\/blog\/#organization\"},\"potentialAction\":[{\"@type\":\"SearchAction\",\"target\":{\"@type\":\"EntryPoint\",\"urlTemplate\":\"https:\/\/uniprof.com.br\/blog\/?s={search_term_string}\"},\"query-input\":{\"@type\":\"PropertyValueSpecification\",\"valueRequired\":true,\"valueName\":\"search_term_string\"}}],\"inLanguage\":\"pt-BR\"},{\"@type\":\"Organization\",\"@id\":\"https:\/\/uniprof.com.br\/blog\/#organization\",\"name\":\"UniPROF\",\"url\":\"https:\/\/uniprof.com.br\/blog\/\",\"logo\":{\"@type\":\"ImageObject\",\"inLanguage\":\"pt-BR\",\"@id\":\"https:\/\/uniprof.com.br\/blog\/#\/schema\/logo\/image\/\",\"url\":\"https:\/\/uniprof.com.br\/blog\/wp-content\/uploads\/2026\/01\/cropped-cropped-3.png\",\"contentUrl\":\"https:\/\/uniprof.com.br\/blog\/wp-content\/uploads\/2026\/01\/cropped-cropped-3.png\",\"width\":512,\"height\":512,\"caption\":\"UniPROF\"},\"image\":{\"@id\":\"https:\/\/uniprof.com.br\/blog\/#\/schema\/logo\/image\/\"},\"sameAs\":[\"https:\/\/www.facebook.com\/uniprof.oficial\",\"https:\/\/www.instagram.com\/uniprof.oficial\",\"https:\/\/www.linkedin.com\/company\/escolauniprof\/\",\"https:\/\/www.youtube.com\/@uniprof.oficial\",\"https:\/\/www.linkedin.com\/company\/uniprofoficial\/?viewAsMember=true\"]},{\"@type\":\"Person\",\"@id\":\"https:\/\/uniprof.com.br\/blog\/#\/schema\/person\/8b33282622da791b1ff3e1f74b03d480\",\"name\":\"Rodrigo Lopes\",\"image\":{\"@type\":\"ImageObject\",\"inLanguage\":\"pt-BR\",\"@id\":\"https:\/\/uniprof.com.br\/blog\/#\/schema\/person\/image\/\",\"url\":\"https:\/\/secure.gravatar.com\/avatar\/004d2905832cfde9a6f613eff1801f19e28a22df8e20b33906471289f5e1e172?s=96&d=mm&r=g\",\"contentUrl\":\"https:\/\/secure.gravatar.com\/avatar\/004d2905832cfde9a6f613eff1801f19e28a22df8e20b33906471289f5e1e172?s=96&d=mm&r=g\",\"caption\":\"Rodrigo Lopes\"}}]}<\/script>\n<!-- \/ Yoast SEO plugin. -->","yoast_head_json":{"title":"Como a forma\u00e7\u00e3o presencial aplicada transforma pr\u00e1ticas institucionais reais - UniPROF | Novidades, estudos e atualiza\u00e7\u00f5es","robots":{"index":"index","follow":"follow","max-snippet":"max-snippet:-1","max-image-preview":"max-image-preview:large","max-video-preview":"max-video-preview:-1"},"canonical":"https:\/\/uniprof.com.br\/blog\/como-a-formacao-presencial-aplicada-transforma-praticas-institucionais-reais\/","og_locale":"pt_BR","og_type":"article","og_title":"Como a forma\u00e7\u00e3o presencial aplicada transforma pr\u00e1ticas institucionais reais - UniPROF | Novidades, estudos e atualiza\u00e7\u00f5es","og_description":"A forma\u00e7\u00e3o presencial aplicada \u00e9 um modelo de capacita\u00e7\u00e3o que conecta teoria e pr\u00e1tica a partir da realidade institucional. Ao trabalhar situa\u00e7\u00f5es concretas do cotidiano profissional, esse formato fortalece a tomada de decis\u00e3o, melhora processos internos e gera mudan\u00e7as efetivas nas rotinas de trabalho. Diferente de treinamentos gen\u00e9ricos, a forma\u00e7\u00e3o aplicada promove aprendizado significativo, alinhado aos desafios reais de institui\u00e7\u00f5es p\u00fablicas e privadas, contribuindo para o desenvolvimento cont\u00ednuo de equipes e para a qualifica\u00e7\u00e3o da gest\u00e3o.","og_url":"https:\/\/uniprof.com.br\/blog\/como-a-formacao-presencial-aplicada-transforma-praticas-institucionais-reais\/","og_site_name":"UniPROF | Novidades, estudos e atualiza\u00e7\u00f5es","article_publisher":"https:\/\/www.facebook.com\/uniprof.oficial","article_published_time":"2026-01-29T17:42:08+00:00","article_modified_time":"2026-01-29T17:49:16+00:00","og_image":[{"width":960,"height":540,"url":"https:\/\/uniprof.com.br\/blog\/wp-content\/uploads\/2026\/01\/Design-sem-nome-28.png","type":"image\/png"}],"author":"Rodrigo Lopes","twitter_card":"summary_large_image","twitter_misc":{"Escrito por":"Rodrigo Lopes","Est. tempo de leitura":"3 minutos"},"schema":{"@context":"https:\/\/schema.org","@graph":[{"@type":"Article","@id":"https:\/\/uniprof.com.br\/blog\/como-a-formacao-presencial-aplicada-transforma-praticas-institucionais-reais\/#article","isPartOf":{"@id":"https:\/\/uniprof.com.br\/blog\/como-a-formacao-presencial-aplicada-transforma-praticas-institucionais-reais\/"},"author":{"name":"Rodrigo Lopes","@id":"https:\/\/uniprof.com.br\/blog\/#\/schema\/person\/8b33282622da791b1ff3e1f74b03d480"},"headline":"Como a forma\u00e7\u00e3o presencial aplicada transforma pr\u00e1ticas institucionais reais","datePublished":"2026-01-29T17:42:08+00:00","dateModified":"2026-01-29T17:49:16+00:00","mainEntityOfPage":{"@id":"https:\/\/uniprof.com.br\/blog\/como-a-formacao-presencial-aplicada-transforma-praticas-institucionais-reais\/"},"wordCount":559,"publisher":{"@id":"https:\/\/uniprof.com.br\/blog\/#organization"},"image":{"@id":"https:\/\/uniprof.com.br\/blog\/como-a-formacao-presencial-aplicada-transforma-praticas-institucionais-reais\/#primaryimage"},"thumbnailUrl":"https:\/\/uniprof.com.br\/blog\/wp-content\/uploads\/2026\/01\/Design-sem-nome-28.png","articleSection":["Gest\u00e3o Empresarial","Gest\u00e3o P\u00fablica","Inova\u00e7\u00e3o","Todos","UniPROF"],"inLanguage":"pt-BR"},{"@type":"WebPage","@id":"https:\/\/uniprof.com.br\/blog\/como-a-formacao-presencial-aplicada-transforma-praticas-institucionais-reais\/","url":"https:\/\/uniprof.com.br\/blog\/como-a-formacao-presencial-aplicada-transforma-praticas-institucionais-reais\/","name":"Como a forma\u00e7\u00e3o presencial aplicada transforma pr\u00e1ticas institucionais reais - UniPROF | Novidades, estudos e atualiza\u00e7\u00f5es","isPartOf":{"@id":"https:\/\/uniprof.com.br\/blog\/#website"},"primaryImageOfPage":{"@id":"https:\/\/uniprof.com.br\/blog\/como-a-formacao-presencial-aplicada-transforma-praticas-institucionais-reais\/#primaryimage"},"image":{"@id":"https:\/\/uniprof.com.br\/blog\/como-a-formacao-presencial-aplicada-transforma-praticas-institucionais-reais\/#primaryimage"},"thumbnailUrl":"https:\/\/uniprof.com.br\/blog\/wp-content\/uploads\/2026\/01\/Design-sem-nome-28.png","datePublished":"2026-01-29T17:42:08+00:00","dateModified":"2026-01-29T17:49:16+00:00","breadcrumb":{"@id":"https:\/\/uniprof.com.br\/blog\/como-a-formacao-presencial-aplicada-transforma-praticas-institucionais-reais\/#breadcrumb"},"inLanguage":"pt-BR","potentialAction":[{"@type":"ReadAction","target":["https:\/\/uniprof.com.br\/blog\/como-a-formacao-presencial-aplicada-transforma-praticas-institucionais-reais\/"]}]},{"@type":"ImageObject","inLanguage":"pt-BR","@id":"https:\/\/uniprof.com.br\/blog\/como-a-formacao-presencial-aplicada-transforma-praticas-institucionais-reais\/#primaryimage","url":"https:\/\/uniprof.com.br\/blog\/wp-content\/uploads\/2026\/01\/Design-sem-nome-28.png","contentUrl":"https:\/\/uniprof.com.br\/blog\/wp-content\/uploads\/2026\/01\/Design-sem-nome-28.png","width":960,"height":540},{"@type":"BreadcrumbList","@id":"https:\/\/uniprof.com.br\/blog\/como-a-formacao-presencial-aplicada-transforma-praticas-institucionais-reais\/#breadcrumb","itemListElement":[{"@type":"ListItem","position":1,"name":"In\u00edcio","item":"https:\/\/uniprof.com.br\/blog\/"},{"@type":"ListItem","position":2,"name":"Como a forma\u00e7\u00e3o presencial aplicada transforma pr\u00e1ticas institucionais reais"}]},{"@type":"WebSite","@id":"https:\/\/uniprof.com.br\/blog\/#website","url":"https:\/\/uniprof.com.br\/blog\/","name":"UniPROF | Novidades, estudos e atualiza\u00e7\u00f5es","description":"","publisher":{"@id":"https:\/\/uniprof.com.br\/blog\/#organization"},"potentialAction":[{"@type":"SearchAction","target":{"@type":"EntryPoint","urlTemplate":"https:\/\/uniprof.com.br\/blog\/?s={search_term_string}"},"query-input":{"@type":"PropertyValueSpecification","valueRequired":true,"valueName":"search_term_string"}}],"inLanguage":"pt-BR"},{"@type":"Organization","@id":"https:\/\/uniprof.com.br\/blog\/#organization","name":"UniPROF","url":"https:\/\/uniprof.com.br\/blog\/","logo":{"@type":"ImageObject","inLanguage":"pt-BR","@id":"https:\/\/uniprof.com.br\/blog\/#\/schema\/logo\/image\/","url":"https:\/\/uniprof.com.br\/blog\/wp-content\/uploads\/2026\/01\/cropped-cropped-3.png","contentUrl":"https:\/\/uniprof.com.br\/blog\/wp-content\/uploads\/2026\/01\/cropped-cropped-3.png","width":512,"height":512,"caption":"UniPROF"},"image":{"@id":"https:\/\/uniprof.com.br\/blog\/#\/schema\/logo\/image\/"},"sameAs":["https:\/\/www.facebook.com\/uniprof.oficial","https:\/\/www.instagram.com\/uniprof.oficial","https:\/\/www.linkedin.com\/company\/escolauniprof\/","https:\/\/www.youtube.com\/@uniprof.oficial","https:\/\/www.linkedin.com\/company\/uniprofoficial\/?viewAsMember=true"]},{"@type":"Person","@id":"https:\/\/uniprof.com.br\/blog\/#\/schema\/person\/8b33282622da791b1ff3e1f74b03d480","name":"Rodrigo Lopes","image":{"@type":"ImageObject","inLanguage":"pt-BR","@id":"https:\/\/uniprof.com.br\/blog\/#\/schema\/person\/image\/","url":"https:\/\/secure.gravatar.com\/avatar\/004d2905832cfde9a6f613eff1801f19e28a22df8e20b33906471289f5e1e172?s=96&d=mm&r=g","contentUrl":"https:\/\/secure.gravatar.com\/avatar\/004d2905832cfde9a6f613eff1801f19e28a22df8e20b33906471289f5e1e172?s=96&d=mm&r=g","caption":"Rodrigo Lopes"}}]}},"_links":{"self":[{"href":"https:\/\/uniprof.com.br\/blog\/wp-json\/wp\/v2\/posts\/1028","targetHints":{"allow":["GET"]}}],"collection":[{"href":"https:\/\/uniprof.com.br\/blog\/wp-json\/wp\/v2\/posts"}],"about":[{"href":"https:\/\/uniprof.com.br\/blog\/wp-json\/wp\/v2\/types\/post"}],"author":[{"embeddable":true,"href":"https:\/\/uniprof.com.br\/blog\/wp-json\/wp\/v2\/users\/2"}],"replies":[{"embeddable":true,"href":"https:\/\/uniprof.com.br\/blog\/wp-json\/wp\/v2\/comments?post=1028"}],"version-history":[{"count":10,"href":"https:\/\/uniprof.com.br\/blog\/wp-json\/wp\/v2\/posts\/1028\/revisions"}],"predecessor-version":[{"id":1039,"href":"https:\/\/uniprof.com.br\/blog\/wp-json\/wp\/v2\/posts\/1028\/revisions\/1039"}],"wp:featuredmedia":[{"embeddable":true,"href":"https:\/\/uniprof.com.br\/blog\/wp-json\/wp\/v2\/media\/1001"}],"wp:attachment":[{"href":"https:\/\/uniprof.com.br\/blog\/wp-json\/wp\/v2\/media?parent=1028"}],"wp:term":[{"taxonomy":"category","embeddable":true,"href":"https:\/\/uniprof.com.br\/blog\/wp-json\/wp\/v2\/categories?post=1028"},{"taxonomy":"post_tag","embeddable":true,"href":"https:\/\/uniprof.com.br\/blog\/wp-json\/wp\/v2\/tags?post=1028"}],"curies":[{"name":"wp","href":"https:\/\/api.w.org\/{rel}","templated":true}]}}