{"id":1040,"date":"2026-01-29T17:52:41","date_gmt":"2026-01-29T17:52:41","guid":{"rendered":"https:\/\/uniprof.com.br\/blog\/?p=1040"},"modified":"2026-01-29T19:13:34","modified_gmt":"2026-01-29T19:13:34","slug":"capacitacao-continua-em-saude","status":"publish","type":"post","link":"https:\/\/uniprof.com.br\/blog\/capacitacao-continua-em-saude\/","title":{"rendered":"Capacita\u00e7\u00e3o cont\u00ednua em sa\u00fade: desafios e impactos na pr\u00e1tica"},"content":{"rendered":"<div id=\"bsf_rt_marker\"><\/div>\t\t<div data-elementor-type=\"wp-post\" data-elementor-id=\"1040\" class=\"elementor elementor-1040\">\n\t\t\t\t\t\t<section class=\"elementor-section elementor-top-section elementor-element elementor-element-0cf4017 elementor-section-boxed elementor-section-height-default elementor-section-height-default\" data-id=\"0cf4017\" data-element_type=\"section\">\n\t\t\t\t\t\t<div class=\"elementor-container elementor-column-gap-default\">\n\t\t\t\t\t<div class=\"elementor-column elementor-col-100 elementor-top-column elementor-element elementor-element-3d7a880\" data-id=\"3d7a880\" data-element_type=\"column\">\n\t\t\t<div class=\"elementor-widget-wrap elementor-element-populated\">\n\t\t\t\t\t\t<div class=\"elementor-element elementor-element-6d7948c elementor-widget elementor-widget-text-editor\" data-id=\"6d7948c\" data-element_type=\"widget\" data-widget_type=\"text-editor.default\">\n\t\t\t\t<div class=\"elementor-widget-container\">\n\t\t\t\t\t\t\t\t\t<p>A inova\u00e7\u00e3o na <strong data-start=\"899\" data-end=\"931\">forma\u00e7\u00e3o permanente em sa\u00fade<\/strong> tornou-se um pilar fundamental para profissionais que buscam excel\u00eancia no Brasil. Mais do que apenas atualiza\u00e7\u00e3o, o uso de novas metodologias e tecnologias define o sucesso no atendimento ao paciente.<\/p>\t\t\t\t\t\t\t\t<\/div>\n\t\t\t\t<\/div>\n\t\t\t\t<div class=\"elementor-element elementor-element-b8eac74 elementor-widget elementor-widget-image\" data-id=\"b8eac74\" data-element_type=\"widget\" data-widget_type=\"image.default\">\n\t\t\t\t<div class=\"elementor-widget-container\">\n\t\t\t\t\t\t\t\t\t\t\t\t\t\t\t<img fetchpriority=\"high\" decoding=\"async\" width=\"960\" height=\"540\" src=\"https:\/\/uniprof.com.br\/blog\/wp-content\/uploads\/2026\/01\/Design-sem-nome-30.png\" class=\"attachment-large size-large wp-image-1057\" alt=\"\" srcset=\"https:\/\/uniprof.com.br\/blog\/wp-content\/uploads\/2026\/01\/Design-sem-nome-30.png 960w, https:\/\/uniprof.com.br\/blog\/wp-content\/uploads\/2026\/01\/Design-sem-nome-30-300x169.png 300w, https:\/\/uniprof.com.br\/blog\/wp-content\/uploads\/2026\/01\/Design-sem-nome-30-768x432.png 768w\" sizes=\"(max-width: 960px) 100vw, 960px\" \/>\t\t\t\t\t\t\t\t\t\t\t\t\t\t\t<\/div>\n\t\t\t\t<\/div>\n\t\t\t\t<div class=\"elementor-element elementor-element-02953ba elementor-widget elementor-widget-text-editor\" data-id=\"02953ba\" data-element_type=\"widget\" data-widget_type=\"text-editor.default\">\n\t\t\t\t<div class=\"elementor-widget-container\">\n\t\t\t\t\t\t\t\t\t<p><span style=\"color: #1e293b;\"><span style=\"font-size: 30px;\"><b>O que \u00e9 a forma\u00e7\u00e3o permanente em sa\u00fade<\/b><\/span><\/span><\/p><p><strong style=\"font-style: inherit;\">Primeiramente<\/strong><span style=\"font-style: inherit; font-weight: inherit;\">, a\u00a0<\/span><strong style=\"font-style: inherit;\">capacita\u00e7\u00e3o cont\u00ednua em sa\u00fade<\/strong><span style=\"font-style: inherit; font-weight: inherit;\">\u00a0\u00e9 um processo estruturado de forma\u00e7\u00e3o te\u00f3rica\u00a0<\/span><strong style=\"font-style: inherit;\">e<\/strong><span style=\"font-style: inherit; font-weight: inherit;\">\u00a0pr\u00e1tica voltado \u00e0s necessidades reais do trabalho.\u00a0<\/span><strong style=\"font-style: inherit;\">Diferentemente<\/strong><span style=\"font-style: inherit; font-weight: inherit;\">\u00a0de cursos pontuais, ela prop\u00f5e momentos regulares de aprendizagem em servi\u00e7o,\u00a0<\/span><strong style=\"font-style: inherit;\">sempre<\/strong><span style=\"font-style: inherit; font-weight: inherit;\">\u00a0alinhados ao cotidiano das equipes\u00a0<\/span><strong style=\"font-style: inherit;\">e<\/strong><span style=\"font-style: inherit; font-weight: inherit;\">\u00a0\u00e0s diretrizes do sistema de sa\u00fade brasileiro.<\/span><\/p><p><strong>Na pr\u00e1tica<\/strong>, envolve atualiza\u00e7\u00e3o de protocolos cl\u00ednicos, desenvolvimento de compet\u00eancias t\u00e9cnicas\u00a0<strong>e<\/strong>\u00a0fortalecimento de habilidades interpessoais.\u00a0<strong>Por isso<\/strong>, em munic\u00edpios brasileiros, <strong data-start=\"1408\" data-end=\"1446\">esse modelo de forma\u00e7\u00e3o permanente<\/strong> transforma pol\u00edticas\u00a0em rotinas operacionais claras para Aten\u00e7\u00e3o Prim\u00e1ria, hospitais\u00a0<strong>e<\/strong>\u00a0UPAs.<\/p><h2>Onde a forma\u00e7\u00e3o profissional \u00e9 mais necess\u00e1ria<\/h2><p class=\"my-2 [&amp;+p]:mt-4 [&amp;_strong:has(+br)]:inline-block [&amp;_strong:has(+br)]:pb-2\"><strong>Em particular<\/strong>, a\u00a0<strong>capacita\u00e7\u00e3o cont\u00ednua em sa\u00fade<\/strong>\u00a0\u00e9 fundamental em diversos cen\u00e1rios da assist\u00eancia\u00a0<strong>e<\/strong>\u00a0gest\u00e3o.\u00a0<strong>Entre os principais<\/strong>, destacam-se:<\/p><ul><li><p><strong>Aten\u00e7\u00e3o Prim\u00e1ria<\/strong>: qualifica\u00e7\u00e3o das linhas de cuidado\u00a0<strong>e<\/strong>\u00a0trabalho territorial.<\/p><\/li><li><p><strong>Hospitais e UPAs<\/strong>: seguran\u00e7a do paciente\u00a0<strong>e<\/strong>\u00a0fluxos assistenciais.<\/p><\/li><li><p><strong>Servi\u00e7os especializados<\/strong>: refer\u00eancia\u00a0<strong>e<\/strong>\u00a0contrarrefer\u00eancia.<\/p><\/li><li><p><strong>Gest\u00e3o<\/strong>: lideran\u00e7a\u00a0<strong>e<\/strong>\u00a0uso de indicadores.<\/p><\/li><\/ul><p><strong>Nesse contexto<\/strong>, solu\u00e7\u00f5es como as da\u00a0<a href=\"https:\/\/uniprof.com.br\/quem-somos\/\" target=\"_blank\" rel=\"nofollow noopener\">UniPROF<\/a>\u00a0estruturam projetos de\u00a0<strong>capacita\u00e7\u00e3o cont\u00ednua em sa\u00fade<\/strong>\u00a0alinhados \u00e0 realidade local. Veja outros conte\u00fados sobre forma\u00e7\u00e3o em nossa categoria de\u00a0<a href=\"https:\/\/uniprof.com.br\/solucoes\/\" target=\"_blank\" rel=\"nofollow noopener\">Sa\u00fade<\/a>.<\/p><h2>Desafios da capacita\u00e7\u00e3o cont\u00ednua no cotidiano<\/h2><p><strong>Apesar de<\/strong>\u00a0sua import\u00e2ncia, a\u00a0<strong>capacita\u00e7\u00e3o cont\u00ednua em sa\u00fade<\/strong>\u00a0enfrenta obst\u00e1culos concretos.\u00a0<strong>Por exemplo<\/strong>, a falta de tempo\u00a0<strong>\u00e9<\/strong>\u00a0um desafio central: sobrecarga assistencial dificulta a participa\u00e7\u00e3o em treinamentos longos.<\/p><p><strong>Al\u00e9m disso<\/strong>, conte\u00fados gen\u00e9ricos\u00a0<strong>tamb\u00e9m<\/strong>\u00a0geram pouco impacto.\u00a0<strong>Portanto<\/strong>, cursos isolados\u00a0<strong>e<\/strong>\u00a0sem acompanhamento n\u00e3o sustentam mudan\u00e7as profissionais.\u00a0<strong>Em resumo<\/strong>, \u00e9 preciso integrar teoria\u00a0<strong>e<\/strong>\u00a0pr\u00e1tica para superar essas barreiras.<\/p><p>Conhe\u00e7a a\u00a0<a href=\"https:\/\/www.gov.br\/saude\/pt-br\/composicao\/sgtes\/pneps\" target=\"_blank\" rel=\"nofollow noopener\">Pol\u00edtica Nacional de Educa\u00e7\u00e3o Permanente em Sa\u00fade<\/a>, que orienta essas estrat\u00e9gias no SUS.<\/p><h2>Resultados da capacita\u00e7\u00e3o aplicada na pr\u00e1tica<\/h2><p><strong>Quando<\/strong>\u00a0bem planejada, a\u00a0<strong>capacita\u00e7\u00e3o cont\u00ednua em sa\u00fade<\/strong>\u00a0gera resultados concretos.\u00a0<strong>Primeiro<\/strong>, melhora a ades\u00e3o a protocolos.\u00a0<strong>Segundo<\/strong>, aumenta a seguran\u00e7a nas decis\u00f5es.\u00a0<strong>Finalmente<\/strong>, reduz erros\u00a0<strong>e<\/strong>\u00a0retrabalho.<\/p><p><strong>Ainda mais<\/strong>, fortalece equipes\u00a0<strong>e<\/strong>\u00a0eleva a resolutividade dos servi\u00e7os.\u00a0<strong>Por consequ\u00eancia<\/strong>, profissionais se sentem mais engajados\u00a0<strong>e<\/strong>\u00a0pertencentes. Esses efeitos\u00a0<strong>s\u00e3o<\/strong>\u00a0mais evidentes com trilhas cont\u00ednuas\u00a0<strong>e<\/strong>\u00a0supervis\u00e3o em servi\u00e7o.<\/p><p>\u00a0<\/p><h2>Por que a forma\u00e7\u00e3o cont\u00ednua melhora o cuidado<\/h2><p><strong>Sobretudo<\/strong>, a qualidade do cuidado depende da capacidade de aplicar protocolos\u00a0<strong>e<\/strong>\u00a0decidir com seguran\u00e7a.\u00a0<strong>Nesse sentido<\/strong>, a\u00a0<strong>capacita\u00e7\u00e3o cont\u00ednua em sa\u00fade<\/strong>\u00a0cria um ciclo virtuoso: aprender \u2192 aplicar \u2192 avaliar \u2192 aprimorar.<\/p><p><strong>Assim<\/strong>, equipes ficam atualizadas em evid\u00eancias\u00a0<strong>e<\/strong>\u00a0diretrizes.\u00a0<strong>Ao mesmo tempo<\/strong>, incorporam comunica\u00e7\u00e3o\u00a0<strong>e<\/strong>\u00a0humaniza\u00e7\u00e3o.\u00a0<strong>Portanto<\/strong>, sistemas ficam mais eficientes\u00a0<strong>e<\/strong>\u00a0orientados \u00e0 preven\u00e7\u00e3o.<\/p><h2>Capacita\u00e7\u00e3o cont\u00ednua em sa\u00fade como estrat\u00e9gia \u2013 UniPROF<\/h2><p><strong>No entanto<\/strong>, tratar\u00a0<strong>capacita\u00e7\u00e3o cont\u00ednua em sa\u00fade<\/strong>\u00a0apenas como dever individual limita seu potencial.\u00a0<strong>Quando<\/strong>\u00a0institucional, ela integra planejamento\u00a0<strong>e<\/strong>\u00a0gest\u00e3o de pessoas.<\/p><p><strong>Para isso<\/strong>, organiza\u00e7\u00f5es devem:<\/p><ul><li><p>Mapear necessidades com base em indicadores.<\/p><\/li><li><p>Criar trilhas espec\u00edficas por perfil profissional.<\/p><\/li><li><p>Combinar atividades online\u00a0<strong>e<\/strong>\u00a0presenciais.<\/p><\/li><\/ul><p><strong>Dessa forma<\/strong>, a UniPROF apoia institui\u00e7\u00f5es com solu\u00e7\u00f5es sob medida. Aprender continuamente\u00a0<strong>deixa de ser<\/strong>\u00a0extra\u00a0<strong>e<\/strong>\u00a0vira parte essencial do trabalho em sa\u00fade no Brasil.<\/p>\t\t\t\t\t\t\t\t<\/div>\n\t\t\t\t<\/div>\n\t\t\t\t\t<\/div>\n\t\t<\/div>\n\t\t\t\t\t<\/div>\n\t\t<\/section>\n\t\t\t\t<section class=\"elementor-section elementor-top-section elementor-element elementor-element-6522874 elementor-section-boxed elementor-section-height-default elementor-section-height-default\" data-id=\"6522874\" data-element_type=\"section\">\n\t\t\t\t\t\t<div class=\"elementor-container elementor-column-gap-default\">\n\t\t\t\t\t<div class=\"elementor-column elementor-col-100 elementor-top-column elementor-element elementor-element-7f5c17d\" data-id=\"7f5c17d\" data-element_type=\"column\">\n\t\t\t<div class=\"elementor-widget-wrap elementor-element-populated\">\n\t\t\t\t\t\t<div class=\"elementor-element elementor-element-6635b9b elementor-widget elementor-widget-heading\" data-id=\"6635b9b\" data-element_type=\"widget\" data-widget_type=\"heading.default\">\n\t\t\t\t<div class=\"elementor-widget-container\">\n\t\t\t\t\t<h2 class=\"elementor-heading-title elementor-size-default\">Conhe\u00e7a a nossa metodologia, e descubra como a UniPROF pode atuar junto a sua institui\u00e7\u00e3o<\/h2>\t\t\t\t<\/div>\n\t\t\t\t<\/div>\n\t\t\t\t<div class=\"elementor-element elementor-element-e47479f elementor-widget elementor-widget-button\" data-id=\"e47479f\" data-element_type=\"widget\" data-widget_type=\"button.default\">\n\t\t\t\t<div class=\"elementor-widget-container\">\n\t\t\t\t\t\t\t\t\t<div class=\"elementor-button-wrapper\">\n\t\t\t\t\t<a class=\"elementor-button elementor-button-link elementor-size-sm\" href=\"https:\/\/uniprof.com.br\/contato\/\">\n\t\t\t\t\t\t<span class=\"elementor-button-content-wrapper\">\n\t\t\t\t\t\t\t\t\t<span class=\"elementor-button-text\">Fale com um especialista<\/span>\n\t\t\t\t\t<\/span>\n\t\t\t\t\t<\/a>\n\t\t\t\t<\/div>\n\t\t\t\t\t\t\t\t<\/div>\n\t\t\t\t<\/div>\n\t\t\t\t\t<\/div>\n\t\t<\/div>\n\t\t\t\t\t<\/div>\n\t\t<\/section>\n\t\t\t\t<\/div>\n\t\t","protected":false},"excerpt":{"rendered":"<p>Capacita\u00e7\u00e3o cont\u00ednua em sa\u00fade: entenda desafios, resultados e como a forma\u00e7\u00e3o em servi\u00e7o melhora a qualidade do cuidado de profissionais e institui\u00e7\u00f5es no Brasil.<\/p>\n","protected":false},"author":2,"featured_media":1045,"comment_status":"open","ping_status":"open","sticky":false,"template":"","format":"standard","meta":{"site-sidebar-layout":"default","site-content-layout":"","ast-site-content-layout":"default","site-content-style":"default","site-sidebar-style":"default","ast-global-header-display":"","ast-banner-title-visibility":"","ast-main-header-display":"","ast-hfb-above-header-display":"","ast-hfb-below-header-display":"","ast-hfb-mobile-header-display":"","site-post-title":"","ast-breadcrumbs-content":"","ast-featured-img":"","footer-sml-layout":"","ast-disable-related-posts":"","theme-transparent-header-meta":"","adv-header-id-meta":"","stick-header-meta":"","header-above-stick-meta":"","header-main-stick-meta":"","header-below-stick-meta":"","astra-migrate-meta-layouts":"default","ast-page-background-enabled":"default","ast-page-background-meta":{"desktop":{"background-color":"var(--ast-global-color-5)","background-image":"","background-repeat":"repeat","background-position":"center center","background-size":"auto","background-attachment":"scroll","background-type":"","background-media":"","overlay-type":"","overlay-color":"","overlay-opacity":"","overlay-gradient":""},"tablet":{"background-color":"","background-image":"","background-repeat":"repeat","background-position":"center center","background-size":"auto","background-attachment":"scroll","background-type":"","background-media":"","overlay-type":"","overlay-color":"","overlay-opacity":"","overlay-gradient":""},"mobile":{"background-color":"","background-image":"","background-repeat":"repeat","background-position":"center center","background-size":"auto","background-attachment":"scroll","background-type":"","background-media":"","overlay-type":"","overlay-color":"","overlay-opacity":"","overlay-gradient":""}},"ast-content-background-meta":{"desktop":{"background-color":"var(--ast-global-color-4)","background-image":"","background-repeat":"repeat","background-position":"center center","background-size":"auto","background-attachment":"scroll","background-type":"","background-media":"","overlay-type":"","overlay-color":"","overlay-opacity":"","overlay-gradient":""},"tablet":{"background-color":"var(--ast-global-color-4)","background-image":"","background-repeat":"repeat","background-position":"center center","background-size":"auto","background-attachment":"scroll","background-type":"","background-media":"","overlay-type":"","overlay-color":"","overlay-opacity":"","overlay-gradient":""},"mobile":{"background-color":"var(--ast-global-color-4)","background-image":"","background-repeat":"repeat","background-position":"center center","background-size":"auto","background-attachment":"scroll","background-type":"","background-media":"","overlay-type":"","overlay-color":"","overlay-opacity":"","overlay-gradient":""}},"footnotes":""},"categories":[137,138,30,92,25],"tags":[],"class_list":["post-1040","post","type-post","status-publish","format-standard","has-post-thumbnail","hentry","category-gestao-publica","category-inovacao","category-saude","category-todos","category-uniprof"],"yoast_head":"<!-- This site is optimized with the Yoast SEO plugin v26.8 - https:\/\/yoast.com\/product\/yoast-seo-wordpress\/ -->\n<title>Capacita\u00e7\u00e3o cont\u00ednua em sa\u00fade: desafios e impactos na pr\u00e1tica<\/title>\n<meta name=\"description\" content=\"A capacita\u00e7\u00e3o cont\u00ednua em sa\u00fade \u00e9 essencial para qualificar pr\u00e1ticas profissionais, fortalecer equipes e melhorar resultados da sa\u00fade\" \/>\n<meta name=\"robots\" content=\"index, follow, max-snippet:-1, max-image-preview:large, max-video-preview:-1\" \/>\n<link rel=\"canonical\" href=\"https:\/\/uniprof.com.br\/blog\/capacitacao-continua-em-saude\/\" \/>\n<meta property=\"og:locale\" content=\"pt_BR\" \/>\n<meta property=\"og:type\" content=\"article\" \/>\n<meta property=\"og:title\" content=\"Capacita\u00e7\u00e3o cont\u00ednua em sa\u00fade: desafios e impactos na pr\u00e1tica\" \/>\n<meta property=\"og:description\" content=\"A capacita\u00e7\u00e3o cont\u00ednua em sa\u00fade \u00e9 essencial para qualificar pr\u00e1ticas profissionais, fortalecer equipes e melhorar resultados da sa\u00fade\" \/>\n<meta property=\"og:url\" content=\"https:\/\/uniprof.com.br\/blog\/capacitacao-continua-em-saude\/\" \/>\n<meta property=\"og:site_name\" content=\"UniPROF | Novidades, estudos e atualiza\u00e7\u00f5es\" \/>\n<meta property=\"article:publisher\" content=\"https:\/\/www.facebook.com\/uniprof.oficial\" \/>\n<meta property=\"article:published_time\" content=\"2026-01-29T17:52:41+00:00\" \/>\n<meta property=\"article:modified_time\" content=\"2026-01-29T19:13:34+00:00\" \/>\n<meta property=\"og:image\" content=\"https:\/\/uniprof.com.br\/blog\/wp-content\/uploads\/2026\/01\/Design-sem-nome-29.png\" \/>\n\t<meta property=\"og:image:width\" content=\"960\" \/>\n\t<meta property=\"og:image:height\" content=\"540\" \/>\n\t<meta property=\"og:image:type\" content=\"image\/png\" \/>\n<meta name=\"author\" content=\"Rodrigo Lopes\" \/>\n<meta name=\"twitter:card\" content=\"summary_large_image\" \/>\n<meta name=\"twitter:label1\" content=\"Escrito por\" \/>\n\t<meta name=\"twitter:data1\" content=\"Rodrigo Lopes\" \/>\n\t<meta name=\"twitter:label2\" content=\"Est. tempo de leitura\" \/>\n\t<meta name=\"twitter:data2\" content=\"4 minutos\" \/>\n<script type=\"application\/ld+json\" class=\"yoast-schema-graph\">{\"@context\":\"https:\/\/schema.org\",\"@graph\":[{\"@type\":\"Article\",\"@id\":\"https:\/\/uniprof.com.br\/blog\/capacitacao-continua-em-saude\/#article\",\"isPartOf\":{\"@id\":\"https:\/\/uniprof.com.br\/blog\/capacitacao-continua-em-saude\/\"},\"author\":{\"name\":\"Rodrigo Lopes\",\"@id\":\"https:\/\/uniprof.com.br\/blog\/#\/schema\/person\/8b33282622da791b1ff3e1f74b03d480\"},\"headline\":\"Capacita\u00e7\u00e3o cont\u00ednua em sa\u00fade: desafios e impactos na pr\u00e1tica\",\"datePublished\":\"2026-01-29T17:52:41+00:00\",\"dateModified\":\"2026-01-29T19:13:34+00:00\",\"mainEntityOfPage\":{\"@id\":\"https:\/\/uniprof.com.br\/blog\/capacitacao-continua-em-saude\/\"},\"wordCount\":633,\"commentCount\":0,\"publisher\":{\"@id\":\"https:\/\/uniprof.com.br\/blog\/#organization\"},\"image\":{\"@id\":\"https:\/\/uniprof.com.br\/blog\/capacitacao-continua-em-saude\/#primaryimage\"},\"thumbnailUrl\":\"https:\/\/uniprof.com.br\/blog\/wp-content\/uploads\/2026\/01\/Design-sem-nome-29.png\",\"articleSection\":[\"Gest\u00e3o P\u00fablica\",\"Inova\u00e7\u00e3o\",\"Sa\u00fade\",\"Todos\",\"UniPROF\"],\"inLanguage\":\"pt-BR\",\"potentialAction\":[{\"@type\":\"CommentAction\",\"name\":\"Comment\",\"target\":[\"https:\/\/uniprof.com.br\/blog\/capacitacao-continua-em-saude\/#respond\"]}]},{\"@type\":\"WebPage\",\"@id\":\"https:\/\/uniprof.com.br\/blog\/capacitacao-continua-em-saude\/\",\"url\":\"https:\/\/uniprof.com.br\/blog\/capacitacao-continua-em-saude\/\",\"name\":\"Capacita\u00e7\u00e3o cont\u00ednua em sa\u00fade: desafios e impactos na pr\u00e1tica\",\"isPartOf\":{\"@id\":\"https:\/\/uniprof.com.br\/blog\/#website\"},\"primaryImageOfPage\":{\"@id\":\"https:\/\/uniprof.com.br\/blog\/capacitacao-continua-em-saude\/#primaryimage\"},\"image\":{\"@id\":\"https:\/\/uniprof.com.br\/blog\/capacitacao-continua-em-saude\/#primaryimage\"},\"thumbnailUrl\":\"https:\/\/uniprof.com.br\/blog\/wp-content\/uploads\/2026\/01\/Design-sem-nome-29.png\",\"datePublished\":\"2026-01-29T17:52:41+00:00\",\"dateModified\":\"2026-01-29T19:13:34+00:00\",\"description\":\"A capacita\u00e7\u00e3o cont\u00ednua em sa\u00fade \u00e9 essencial para qualificar pr\u00e1ticas profissionais, fortalecer equipes e melhorar resultados da sa\u00fade\",\"breadcrumb\":{\"@id\":\"https:\/\/uniprof.com.br\/blog\/capacitacao-continua-em-saude\/#breadcrumb\"},\"inLanguage\":\"pt-BR\",\"potentialAction\":[{\"@type\":\"ReadAction\",\"target\":[\"https:\/\/uniprof.com.br\/blog\/capacitacao-continua-em-saude\/\"]}]},{\"@type\":\"ImageObject\",\"inLanguage\":\"pt-BR\",\"@id\":\"https:\/\/uniprof.com.br\/blog\/capacitacao-continua-em-saude\/#primaryimage\",\"url\":\"https:\/\/uniprof.com.br\/blog\/wp-content\/uploads\/2026\/01\/Design-sem-nome-29.png\",\"contentUrl\":\"https:\/\/uniprof.com.br\/blog\/wp-content\/uploads\/2026\/01\/Design-sem-nome-29.png\",\"width\":960,\"height\":540},{\"@type\":\"BreadcrumbList\",\"@id\":\"https:\/\/uniprof.com.br\/blog\/capacitacao-continua-em-saude\/#breadcrumb\",\"itemListElement\":[{\"@type\":\"ListItem\",\"position\":1,\"name\":\"In\u00edcio\",\"item\":\"https:\/\/uniprof.com.br\/blog\/\"},{\"@type\":\"ListItem\",\"position\":2,\"name\":\"Capacita\u00e7\u00e3o cont\u00ednua em sa\u00fade: desafios e impactos na pr\u00e1tica\"}]},{\"@type\":\"WebSite\",\"@id\":\"https:\/\/uniprof.com.br\/blog\/#website\",\"url\":\"https:\/\/uniprof.com.br\/blog\/\",\"name\":\"UniPROF | Novidades, estudos e atualiza\u00e7\u00f5es\",\"description\":\"\",\"publisher\":{\"@id\":\"https:\/\/uniprof.com.br\/blog\/#organization\"},\"potentialAction\":[{\"@type\":\"SearchAction\",\"target\":{\"@type\":\"EntryPoint\",\"urlTemplate\":\"https:\/\/uniprof.com.br\/blog\/?s={search_term_string}\"},\"query-input\":{\"@type\":\"PropertyValueSpecification\",\"valueRequired\":true,\"valueName\":\"search_term_string\"}}],\"inLanguage\":\"pt-BR\"},{\"@type\":\"Organization\",\"@id\":\"https:\/\/uniprof.com.br\/blog\/#organization\",\"name\":\"UniPROF\",\"url\":\"https:\/\/uniprof.com.br\/blog\/\",\"logo\":{\"@type\":\"ImageObject\",\"inLanguage\":\"pt-BR\",\"@id\":\"https:\/\/uniprof.com.br\/blog\/#\/schema\/logo\/image\/\",\"url\":\"https:\/\/uniprof.com.br\/blog\/wp-content\/uploads\/2026\/01\/cropped-cropped-3.png\",\"contentUrl\":\"https:\/\/uniprof.com.br\/blog\/wp-content\/uploads\/2026\/01\/cropped-cropped-3.png\",\"width\":512,\"height\":512,\"caption\":\"UniPROF\"},\"image\":{\"@id\":\"https:\/\/uniprof.com.br\/blog\/#\/schema\/logo\/image\/\"},\"sameAs\":[\"https:\/\/www.facebook.com\/uniprof.oficial\",\"https:\/\/www.instagram.com\/uniprof.oficial\",\"https:\/\/www.linkedin.com\/company\/escolauniprof\/\",\"https:\/\/www.youtube.com\/@uniprof.oficial\",\"https:\/\/www.linkedin.com\/company\/uniprofoficial\/?viewAsMember=true\"]},{\"@type\":\"Person\",\"@id\":\"https:\/\/uniprof.com.br\/blog\/#\/schema\/person\/8b33282622da791b1ff3e1f74b03d480\",\"name\":\"Rodrigo Lopes\",\"image\":{\"@type\":\"ImageObject\",\"inLanguage\":\"pt-BR\",\"@id\":\"https:\/\/uniprof.com.br\/blog\/#\/schema\/person\/image\/\",\"url\":\"https:\/\/secure.gravatar.com\/avatar\/004d2905832cfde9a6f613eff1801f19e28a22df8e20b33906471289f5e1e172?s=96&d=mm&r=g\",\"contentUrl\":\"https:\/\/secure.gravatar.com\/avatar\/004d2905832cfde9a6f613eff1801f19e28a22df8e20b33906471289f5e1e172?s=96&d=mm&r=g\",\"caption\":\"Rodrigo Lopes\"}}]}<\/script>\n<!-- \/ Yoast SEO plugin. -->","yoast_head_json":{"title":"Capacita\u00e7\u00e3o cont\u00ednua em sa\u00fade: desafios e impactos na pr\u00e1tica","description":"A capacita\u00e7\u00e3o cont\u00ednua em sa\u00fade \u00e9 essencial para qualificar pr\u00e1ticas profissionais, fortalecer equipes e melhorar resultados da sa\u00fade","robots":{"index":"index","follow":"follow","max-snippet":"max-snippet:-1","max-image-preview":"max-image-preview:large","max-video-preview":"max-video-preview:-1"},"canonical":"https:\/\/uniprof.com.br\/blog\/capacitacao-continua-em-saude\/","og_locale":"pt_BR","og_type":"article","og_title":"Capacita\u00e7\u00e3o cont\u00ednua em sa\u00fade: desafios e impactos na pr\u00e1tica","og_description":"A capacita\u00e7\u00e3o cont\u00ednua em sa\u00fade \u00e9 essencial para qualificar pr\u00e1ticas profissionais, fortalecer equipes e melhorar resultados da sa\u00fade","og_url":"https:\/\/uniprof.com.br\/blog\/capacitacao-continua-em-saude\/","og_site_name":"UniPROF | Novidades, estudos e atualiza\u00e7\u00f5es","article_publisher":"https:\/\/www.facebook.com\/uniprof.oficial","article_published_time":"2026-01-29T17:52:41+00:00","article_modified_time":"2026-01-29T19:13:34+00:00","og_image":[{"width":960,"height":540,"url":"https:\/\/uniprof.com.br\/blog\/wp-content\/uploads\/2026\/01\/Design-sem-nome-29.png","type":"image\/png"}],"author":"Rodrigo Lopes","twitter_card":"summary_large_image","twitter_misc":{"Escrito por":"Rodrigo Lopes","Est. tempo de leitura":"4 minutos"},"schema":{"@context":"https:\/\/schema.org","@graph":[{"@type":"Article","@id":"https:\/\/uniprof.com.br\/blog\/capacitacao-continua-em-saude\/#article","isPartOf":{"@id":"https:\/\/uniprof.com.br\/blog\/capacitacao-continua-em-saude\/"},"author":{"name":"Rodrigo Lopes","@id":"https:\/\/uniprof.com.br\/blog\/#\/schema\/person\/8b33282622da791b1ff3e1f74b03d480"},"headline":"Capacita\u00e7\u00e3o cont\u00ednua em sa\u00fade: desafios e impactos na pr\u00e1tica","datePublished":"2026-01-29T17:52:41+00:00","dateModified":"2026-01-29T19:13:34+00:00","mainEntityOfPage":{"@id":"https:\/\/uniprof.com.br\/blog\/capacitacao-continua-em-saude\/"},"wordCount":633,"commentCount":0,"publisher":{"@id":"https:\/\/uniprof.com.br\/blog\/#organization"},"image":{"@id":"https:\/\/uniprof.com.br\/blog\/capacitacao-continua-em-saude\/#primaryimage"},"thumbnailUrl":"https:\/\/uniprof.com.br\/blog\/wp-content\/uploads\/2026\/01\/Design-sem-nome-29.png","articleSection":["Gest\u00e3o P\u00fablica","Inova\u00e7\u00e3o","Sa\u00fade","Todos","UniPROF"],"inLanguage":"pt-BR","potentialAction":[{"@type":"CommentAction","name":"Comment","target":["https:\/\/uniprof.com.br\/blog\/capacitacao-continua-em-saude\/#respond"]}]},{"@type":"WebPage","@id":"https:\/\/uniprof.com.br\/blog\/capacitacao-continua-em-saude\/","url":"https:\/\/uniprof.com.br\/blog\/capacitacao-continua-em-saude\/","name":"Capacita\u00e7\u00e3o cont\u00ednua em sa\u00fade: desafios e impactos na pr\u00e1tica","isPartOf":{"@id":"https:\/\/uniprof.com.br\/blog\/#website"},"primaryImageOfPage":{"@id":"https:\/\/uniprof.com.br\/blog\/capacitacao-continua-em-saude\/#primaryimage"},"image":{"@id":"https:\/\/uniprof.com.br\/blog\/capacitacao-continua-em-saude\/#primaryimage"},"thumbnailUrl":"https:\/\/uniprof.com.br\/blog\/wp-content\/uploads\/2026\/01\/Design-sem-nome-29.png","datePublished":"2026-01-29T17:52:41+00:00","dateModified":"2026-01-29T19:13:34+00:00","description":"A capacita\u00e7\u00e3o cont\u00ednua em sa\u00fade \u00e9 essencial para qualificar pr\u00e1ticas profissionais, fortalecer equipes e melhorar resultados da sa\u00fade","breadcrumb":{"@id":"https:\/\/uniprof.com.br\/blog\/capacitacao-continua-em-saude\/#breadcrumb"},"inLanguage":"pt-BR","potentialAction":[{"@type":"ReadAction","target":["https:\/\/uniprof.com.br\/blog\/capacitacao-continua-em-saude\/"]}]},{"@type":"ImageObject","inLanguage":"pt-BR","@id":"https:\/\/uniprof.com.br\/blog\/capacitacao-continua-em-saude\/#primaryimage","url":"https:\/\/uniprof.com.br\/blog\/wp-content\/uploads\/2026\/01\/Design-sem-nome-29.png","contentUrl":"https:\/\/uniprof.com.br\/blog\/wp-content\/uploads\/2026\/01\/Design-sem-nome-29.png","width":960,"height":540},{"@type":"BreadcrumbList","@id":"https:\/\/uniprof.com.br\/blog\/capacitacao-continua-em-saude\/#breadcrumb","itemListElement":[{"@type":"ListItem","position":1,"name":"In\u00edcio","item":"https:\/\/uniprof.com.br\/blog\/"},{"@type":"ListItem","position":2,"name":"Capacita\u00e7\u00e3o cont\u00ednua em sa\u00fade: desafios e impactos na pr\u00e1tica"}]},{"@type":"WebSite","@id":"https:\/\/uniprof.com.br\/blog\/#website","url":"https:\/\/uniprof.com.br\/blog\/","name":"UniPROF | Novidades, estudos e atualiza\u00e7\u00f5es","description":"","publisher":{"@id":"https:\/\/uniprof.com.br\/blog\/#organization"},"potentialAction":[{"@type":"SearchAction","target":{"@type":"EntryPoint","urlTemplate":"https:\/\/uniprof.com.br\/blog\/?s={search_term_string}"},"query-input":{"@type":"PropertyValueSpecification","valueRequired":true,"valueName":"search_term_string"}}],"inLanguage":"pt-BR"},{"@type":"Organization","@id":"https:\/\/uniprof.com.br\/blog\/#organization","name":"UniPROF","url":"https:\/\/uniprof.com.br\/blog\/","logo":{"@type":"ImageObject","inLanguage":"pt-BR","@id":"https:\/\/uniprof.com.br\/blog\/#\/schema\/logo\/image\/","url":"https:\/\/uniprof.com.br\/blog\/wp-content\/uploads\/2026\/01\/cropped-cropped-3.png","contentUrl":"https:\/\/uniprof.com.br\/blog\/wp-content\/uploads\/2026\/01\/cropped-cropped-3.png","width":512,"height":512,"caption":"UniPROF"},"image":{"@id":"https:\/\/uniprof.com.br\/blog\/#\/schema\/logo\/image\/"},"sameAs":["https:\/\/www.facebook.com\/uniprof.oficial","https:\/\/www.instagram.com\/uniprof.oficial","https:\/\/www.linkedin.com\/company\/escolauniprof\/","https:\/\/www.youtube.com\/@uniprof.oficial","https:\/\/www.linkedin.com\/company\/uniprofoficial\/?viewAsMember=true"]},{"@type":"Person","@id":"https:\/\/uniprof.com.br\/blog\/#\/schema\/person\/8b33282622da791b1ff3e1f74b03d480","name":"Rodrigo Lopes","image":{"@type":"ImageObject","inLanguage":"pt-BR","@id":"https:\/\/uniprof.com.br\/blog\/#\/schema\/person\/image\/","url":"https:\/\/secure.gravatar.com\/avatar\/004d2905832cfde9a6f613eff1801f19e28a22df8e20b33906471289f5e1e172?s=96&d=mm&r=g","contentUrl":"https:\/\/secure.gravatar.com\/avatar\/004d2905832cfde9a6f613eff1801f19e28a22df8e20b33906471289f5e1e172?s=96&d=mm&r=g","caption":"Rodrigo Lopes"}}]}},"_links":{"self":[{"href":"https:\/\/uniprof.com.br\/blog\/wp-json\/wp\/v2\/posts\/1040","targetHints":{"allow":["GET"]}}],"collection":[{"href":"https:\/\/uniprof.com.br\/blog\/wp-json\/wp\/v2\/posts"}],"about":[{"href":"https:\/\/uniprof.com.br\/blog\/wp-json\/wp\/v2\/types\/post"}],"author":[{"embeddable":true,"href":"https:\/\/uniprof.com.br\/blog\/wp-json\/wp\/v2\/users\/2"}],"replies":[{"embeddable":true,"href":"https:\/\/uniprof.com.br\/blog\/wp-json\/wp\/v2\/comments?post=1040"}],"version-history":[{"count":28,"href":"https:\/\/uniprof.com.br\/blog\/wp-json\/wp\/v2\/posts\/1040\/revisions"}],"predecessor-version":[{"id":1093,"href":"https:\/\/uniprof.com.br\/blog\/wp-json\/wp\/v2\/posts\/1040\/revisions\/1093"}],"wp:featuredmedia":[{"embeddable":true,"href":"https:\/\/uniprof.com.br\/blog\/wp-json\/wp\/v2\/media\/1045"}],"wp:attachment":[{"href":"https:\/\/uniprof.com.br\/blog\/wp-json\/wp\/v2\/media?parent=1040"}],"wp:term":[{"taxonomy":"category","embeddable":true,"href":"https:\/\/uniprof.com.br\/blog\/wp-json\/wp\/v2\/categories?post=1040"},{"taxonomy":"post_tag","embeddable":true,"href":"https:\/\/uniprof.com.br\/blog\/wp-json\/wp\/v2\/tags?post=1040"}],"curies":[{"name":"wp","href":"https:\/\/api.w.org\/{rel}","templated":true}]}}