{"id":1049,"date":"2026-01-29T17:57:36","date_gmt":"2026-01-29T17:57:36","guid":{"rendered":"https:\/\/uniprof.com.br\/blog\/?p=1049"},"modified":"2026-01-29T18:21:09","modified_gmt":"2026-01-29T18:21:09","slug":"capacitacao-em-saude-como-ferramenta-para-apoiar-a-gestao-publica-e-reduzir-retrabalho","status":"publish","type":"post","link":"https:\/\/uniprof.com.br\/blog\/capacitacao-em-saude-como-ferramenta-para-apoiar-a-gestao-publica-e-reduzir-retrabalho\/","title":{"rendered":"Capacita\u00e7\u00e3o em sa\u00fade como ferramenta para apoiar a gest\u00e3o p\u00fablica e reduzir retrabalho"},"content":{"rendered":"<div id=\"bsf_rt_marker\"><\/div>\t\t<div data-elementor-type=\"wp-post\" data-elementor-id=\"1049\" class=\"elementor elementor-1049\">\n\t\t\t\t\t\t<section class=\"elementor-section elementor-top-section elementor-element elementor-element-1822cbd elementor-section-boxed elementor-section-height-default elementor-section-height-default\" data-id=\"1822cbd\" data-element_type=\"section\">\n\t\t\t\t\t\t<div class=\"elementor-container elementor-column-gap-default\">\n\t\t\t\t\t<div class=\"elementor-column elementor-col-100 elementor-top-column elementor-element elementor-element-9f06f03\" data-id=\"9f06f03\" data-element_type=\"column\">\n\t\t\t<div class=\"elementor-widget-wrap elementor-element-populated\">\n\t\t\t\t\t\t<div class=\"elementor-element elementor-element-fda493f elementor-widget elementor-widget-text-editor\" data-id=\"fda493f\" data-element_type=\"widget\" data-widget_type=\"text-editor.default\">\n\t\t\t\t<div class=\"elementor-widget-container\">\n\t\t\t\t\t\t\t\t\t<h2 id=\"por-que-falar-de-capacitao-na-gesto-pblica-em-sade\" class=\"mb-2 mt-4 font-sans visRefresh2026AnswerSerif:font-editorial font-semimedium visRefresh2026Fonts:font-bold text-base visRefresh2026Fonts:text-lg first:mt-0 md:text-lg [hr+&amp;]:mt-4\">Por que falar de capacita\u00e7\u00e3o na gest\u00e3o p\u00fablica em sa\u00fade<\/h2><p class=\"my-2 [&amp;+p]:mt-4 [&amp;_strong:has(+br)]:inline-block [&amp;_strong:has(+br)]:pb-2\">Na gest\u00e3o p\u00fablica em sa\u00fade, especialmente no SUS e nas redes municipais, decis\u00f5es mal comunicadas ou mal compreendidas se traduzem rapidamente em retrabalho: processos refeitos, formul\u00e1rios corrigidos, fluxos reescritos, demandas repetidas. Capacitar n\u00e3o \u00e9 apenas \u201ctransferir conhecimento\u201d, mas alinhar vis\u00e3o, linguagem e pr\u00e1ticas entre gestores, t\u00e9cnicos e equipes da ponta.<\/p><p class=\"my-2 [&amp;+p]:mt-4 [&amp;_strong:has(+br)]:inline-block [&amp;_strong:has(+br)]:pb-2\">Quando as equipes entendem claramente as diretrizes, os objetivos e os porqu\u00eas das mudan\u00e7as, a chance de erros de execu\u00e7\u00e3o cai, e a capacidade de implementar pol\u00edticas p\u00fablicas com qualidade aumenta. Em munic\u00edpios de diferentes portes, isso significa transformar normas e portarias em rotinas operacionais claras, compartilhadas e sustent\u00e1veis.<\/p><h2 id=\"como-a-capacitao-apoia-a-gesto-pblica\" class=\"mb-2 mt-4 font-sans visRefresh2026AnswerSerif:font-editorial font-semimedium visRefresh2026Fonts:font-bold text-base visRefresh2026Fonts:text-lg first:mt-0 md:text-lg [hr+&amp;]:mt-4\">Como a capacita\u00e7\u00e3o apoia a gest\u00e3o p\u00fablica<\/h2><p class=\"my-2 [&amp;+p]:mt-4 [&amp;_strong:has(+br)]:inline-block [&amp;_strong:has(+br)]:pb-2\">A capacita\u00e7\u00e3o cont\u00ednua voltada \u00e0 gest\u00e3o p\u00fablica em sa\u00fade atua em tr\u00eas dimens\u00f5es centrais:<\/p><ul class=\"marker:text-quiet list-disc\"><li class=\"py-0 my-0 prose-p:pt-0 prose-p:mb-2 prose-p:my-0 [&amp;&gt;p]:pt-0 [&amp;&gt;p]:mb-2 [&amp;&gt;p]:my-0\"><p class=\"my-2 [&amp;+p]:mt-4 [&amp;_strong:has(+br)]:inline-block [&amp;_strong:has(+br)]:pb-2\">Desenvolvimento de compet\u00eancias de gest\u00e3o: planejamento, monitoramento, uso de indicadores, gest\u00e3o de pessoas, contratualiza\u00e7\u00e3o e regula\u00e7\u00e3o.<\/p><\/li><li class=\"py-0 my-0 prose-p:pt-0 prose-p:mb-2 prose-p:my-0 [&amp;&gt;p]:pt-0 [&amp;&gt;p]:mb-2 [&amp;&gt;p]:my-0\"><p class=\"my-2 [&amp;+p]:mt-4 [&amp;_strong:has(+br)]:inline-block [&amp;_strong:has(+br)]:pb-2\">Alinhamento entre n\u00edveis de decis\u00e3o: secretarias, coordena\u00e7\u00f5es, ger\u00eancias, unidades b\u00e1sicas, hospitais e servi\u00e7os especializados passam a \u201cfalar a mesma l\u00edngua\u201d.<\/p><\/li><li class=\"py-0 my-0 prose-p:pt-0 prose-p:mb-2 prose-p:my-0 [&amp;&gt;p]:pt-0 [&amp;&gt;p]:mb-2 [&amp;&gt;p]:my-0\"><p class=\"my-2 [&amp;+p]:mt-4 [&amp;_strong:has(+br)]:inline-block [&amp;_strong:has(+br)]:pb-2\">Tradu\u00e7\u00e3o de pol\u00edticas em pr\u00e1ticas: diretrizes nacionais e estaduais s\u00e3o adaptadas para o n\u00edvel local, com processos claros, fluxos definidos e responsabilidades pactuadas.<\/p><\/li><\/ul><p class=\"my-2 [&amp;+p]:mt-4 [&amp;_strong:has(+br)]:inline-block [&amp;_strong:has(+br)]:pb-2\">A partir dessa l\u00f3gica, projetos de forma\u00e7\u00e3o podem ser desenhados sob medida para secretarias municipais de sa\u00fade, cons\u00f3rcios, hospitais p\u00fablicos e organiza\u00e7\u00f5es parceiras, como faz a UniPROF ao estruturar percursos formativos conectados \u00e0s necessidades reais da gest\u00e3o.<\/p><h2 id=\"retrabalho-na-gesto-onde-ele-nasce\" class=\"mb-2 mt-4 font-sans visRefresh2026AnswerSerif:font-editorial font-semimedium visRefresh2026Fonts:font-bold text-base visRefresh2026Fonts:text-lg first:mt-0 md:text-lg [hr+&amp;]:mt-4\">Retrabalho na gest\u00e3o: onde ele nasce<\/h2><p class=\"my-2 [&amp;+p]:mt-4 [&amp;_strong:has(+br)]:inline-block [&amp;_strong:has(+br)]:pb-2\">O retrabalho na gest\u00e3o p\u00fablica em sa\u00fade costuma ter ra\u00edzes bem concretas, que a capacita\u00e7\u00e3o pode ajudar a enfrentar:<\/p><ul class=\"marker:text-quiet list-disc\"><li class=\"py-0 my-0 prose-p:pt-0 prose-p:mb-2 prose-p:my-0 [&amp;&gt;p]:pt-0 [&amp;&gt;p]:mb-2 [&amp;&gt;p]:my-0\"><p class=\"my-2 [&amp;+p]:mt-4 [&amp;_strong:has(+br)]:inline-block [&amp;_strong:has(+br)]:pb-2\">Falta de padroniza\u00e7\u00e3o: cada unidade ou setor cria o pr\u00f3prio jeito de registrar, encaminhar, autorizar ou comunicar, gerando inconsist\u00eancias e retrabalho na confer\u00eancia de dados e processos.<\/p><\/li><li class=\"py-0 my-0 prose-p:pt-0 prose-p:mb-2 prose-p:my-0 [&amp;&gt;p]:pt-0 [&amp;&gt;p]:mb-2 [&amp;&gt;p]:my-0\"><p class=\"my-2 [&amp;+p]:mt-4 [&amp;_strong:has(+br)]:inline-block [&amp;_strong:has(+br)]:pb-2\">Comunica\u00e7\u00e3o fragmentada: decis\u00f5es s\u00e3o tomadas em um n\u00edvel e chegam truncadas ou incompletas \u00e0s equipes, que executam de forma diferente do planejado.<\/p><\/li><li class=\"py-0 my-0 prose-p:pt-0 prose-p:mb-2 prose-p:my-0 [&amp;&gt;p]:pt-0 [&amp;&gt;p]:mb-2 [&amp;&gt;p]:my-0\"><p class=\"my-2 [&amp;+p]:mt-4 [&amp;_strong:has(+br)]:inline-block [&amp;_strong:has(+br)]:pb-2\">Desconhecimento de normas e sistemas: erros no uso de sistemas de informa\u00e7\u00e3o, preenchimento inadequado de instrumentos de registro e falhas de codifica\u00e7\u00e3o exigem corre\u00e7\u00f5es constantes.<\/p><\/li><li class=\"py-0 my-0 prose-p:pt-0 prose-p:mb-2 prose-p:my-0 [&amp;&gt;p]:pt-0 [&amp;&gt;p]:mb-2 [&amp;&gt;p]:my-0\"><p class=\"my-2 [&amp;+p]:mt-4 [&amp;_strong:has(+br)]:inline-block [&amp;_strong:has(+br)]:pb-2\">Rotatividade de profissionais: mudan\u00e7as frequentes de gestores, coordenadores e t\u00e9cnicos exigem recome\u00e7os sucessivos sem processos de onboarding estruturados.<\/p><\/li><\/ul><p class=\"my-2 [&amp;+p]:mt-4 [&amp;_strong:has(+br)]:inline-block [&amp;_strong:has(+br)]:pb-2\">Sem uma pol\u00edtica consistente de capacita\u00e7\u00e3o e educa\u00e7\u00e3o permanente, a gest\u00e3o fica em modo \u201capagar inc\u00eandio\u201d, lidando com problemas que se repetem ao inv\u00e9s de construir solu\u00e7\u00f5es estruturantes.<\/p><h2 id=\"capacitao-como-antdoto-ao-retrabalho\" class=\"mb-2 mt-4 font-sans visRefresh2026AnswerSerif:font-editorial font-semimedium visRefresh2026Fonts:font-bold text-base visRefresh2026Fonts:text-lg first:mt-0 md:text-lg [hr+&amp;]:mt-4\">Capacita\u00e7\u00e3o como ant\u00eddoto ao retrabalho<\/h2><p class=\"my-2 [&amp;+p]:mt-4 [&amp;_strong:has(+br)]:inline-block [&amp;_strong:has(+br)]:pb-2\">Quando a capacita\u00e7\u00e3o \u00e9 planejada em di\u00e1logo com a gest\u00e3o, ela se torna um ant\u00eddoto direto ao retrabalho. Alguns caminhos pr\u00e1ticos:<\/p><ul class=\"marker:text-quiet list-disc\"><li class=\"py-0 my-0 prose-p:pt-0 prose-p:mb-2 prose-p:my-0 [&amp;&gt;p]:pt-0 [&amp;&gt;p]:mb-2 [&amp;&gt;p]:my-0\"><p class=\"my-2 [&amp;+p]:mt-4 [&amp;_strong:has(+br)]:inline-block [&amp;_strong:has(+br)]:pb-2\">Mapear fluxos cr\u00edticos de retrabalho (ex.: regula\u00e7\u00e3o de exames, marca\u00e7\u00e3o de consultas, faturamento, registos em sistemas oficiais) e desenhar forma\u00e7\u00f5es espec\u00edficas para essas etapas.<\/p><\/li><li class=\"py-0 my-0 prose-p:pt-0 prose-p:mb-2 prose-p:my-0 [&amp;&gt;p]:pt-0 [&amp;&gt;p]:mb-2 [&amp;&gt;p]:my-0\"><p class=\"my-2 [&amp;+p]:mt-4 [&amp;_strong:has(+br)]:inline-block [&amp;_strong:has(+br)]:pb-2\">Construir protocolos, manuais operacionais e trilhas de aprendizagem que sejam usados durante a capacita\u00e7\u00e3o e depois no dia a dia, como refer\u00eancia viva.<\/p><\/li><li class=\"py-0 my-0 prose-p:pt-0 prose-p:mb-2 prose-p:my-0 [&amp;&gt;p]:pt-0 [&amp;&gt;p]:mb-2 [&amp;&gt;p]:my-0\"><p class=\"my-2 [&amp;+p]:mt-4 [&amp;_strong:has(+br)]:inline-block [&amp;_strong:has(+br)]:pb-2\">Realizar oficinas de alinhamento entre gest\u00e3o e equipes da ponta, com estudo de casos reais do munic\u00edpio ou da regi\u00e3o.<\/p><\/li><li class=\"py-0 my-0 prose-p:pt-0 prose-p:mb-2 prose-p:my-0 [&amp;&gt;p]:pt-0 [&amp;&gt;p]:mb-2 [&amp;&gt;p]:my-0\"><p class=\"my-2 [&amp;+p]:mt-4 [&amp;_strong:has(+br)]:inline-block [&amp;_strong:has(+br)]:pb-2\">Ofertar capacita\u00e7\u00e3o inicial estruturada (onboarding) para novos gestores e profissionais, reduzindo o tempo de adapta\u00e7\u00e3o e os erros de in\u00edcio de fun\u00e7\u00e3o.<\/p><\/li><\/ul><p class=\"my-2 [&amp;+p]:mt-4 [&amp;_strong:has(+br)]:inline-block [&amp;_strong:has(+br)]:pb-2\">Em vez de oferecer cursos gen\u00e9ricos, a proposta \u00e9 trabalhar com projetos educacionais que incluam diagn\u00f3stico, desenho de processos, forma\u00e7\u00e3o, acompanhamento e avalia\u00e7\u00e3o de resultados \u2013 abordagem na qual empresas como a UniPROF se especializam.<\/p><h2 id=\"benefcios-para-o-sus-para-o-municpio-e-para-o-cida\" class=\"mb-2 mt-4 font-sans visRefresh2026AnswerSerif:font-editorial font-semimedium visRefresh2026Fonts:font-bold text-base visRefresh2026Fonts:text-lg first:mt-0 md:text-lg [hr+&amp;]:mt-4\">Benef\u00edcios para o SUS, para o munic\u00edpio e para o cidad\u00e3o<\/h2><p class=\"my-2 [&amp;+p]:mt-4 [&amp;_strong:has(+br)]:inline-block [&amp;_strong:has(+br)]:pb-2\">Investir em capacita\u00e7\u00e3o continuada como ferramenta de gest\u00e3o p\u00fablica traz ganhos em m\u00faltiplos n\u00edveis:<\/p><ul class=\"marker:text-quiet list-disc\"><li class=\"py-0 my-0 prose-p:pt-0 prose-p:mb-2 prose-p:my-0 [&amp;&gt;p]:pt-0 [&amp;&gt;p]:mb-2 [&amp;&gt;p]:my-0\"><p class=\"my-2 [&amp;+p]:mt-4 [&amp;_strong:has(+br)]:inline-block [&amp;_strong:has(+br)]:pb-2\">Para o SUS: maior ader\u00eancia \u00e0s pol\u00edticas nacionais, melhor uso dos sistemas de informa\u00e7\u00e3o, qualifica\u00e7\u00e3o dos relat\u00f3rios e dos resultados apresentados a inst\u00e2ncias de controle e financiamento.<\/p><\/li><li class=\"py-0 my-0 prose-p:pt-0 prose-p:mb-2 prose-p:my-0 [&amp;&gt;p]:pt-0 [&amp;&gt;p]:mb-2 [&amp;&gt;p]:my-0\"><p class=\"my-2 [&amp;+p]:mt-4 [&amp;_strong:has(+br)]:inline-block [&amp;_strong:has(+br)]:pb-2\">Para o munic\u00edpio: processos mais claros, redu\u00e7\u00e3o de erros administrativos, otimiza\u00e7\u00e3o do uso de recursos e aumento da capacidade de responder a crises e mudan\u00e7as regulat\u00f3rias.<\/p><\/li><li class=\"py-0 my-0 prose-p:pt-0 prose-p:mb-2 prose-p:my-0 [&amp;&gt;p]:pt-0 [&amp;&gt;p]:mb-2 [&amp;&gt;p]:my-0\"><p class=\"my-2 [&amp;+p]:mt-4 [&amp;_strong:has(+br)]:inline-block [&amp;_strong:has(+br)]:pb-2\">Para o cidad\u00e3o: menos idas e vindas, menor tempo de espera, informa\u00e7\u00f5es mais consistentes em diferentes pontos da rede, sensa\u00e7\u00e3o de cuidado mais organizado e confi\u00e1vel.<\/p><\/li><\/ul><p class=\"my-2 [&amp;+p]:mt-4 [&amp;_strong:has(+br)]:inline-block [&amp;_strong:has(+br)]:pb-2\">No fim das contas, capacitar \u00e9 governar melhor. Quando a gest\u00e3o p\u00fablica assume a forma\u00e7\u00e3o das equipes como eixo estrat\u00e9gico \u2013 e conta com parceiros educacionais capazes de transformar diretrizes em trilhas de aprendizagem aplicadas \u2013, o retrabalho deixa de ser uma rotina inevit\u00e1vel e passa a ser um problema a ser sistematicamente reduzido.<\/p>\t\t\t\t\t\t\t\t<\/div>\n\t\t\t\t<\/div>\n\t\t\t\t\t<\/div>\n\t\t<\/div>\n\t\t\t\t\t<\/div>\n\t\t<\/section>\n\t\t\t\t<\/div>\n\t\t","protected":false},"excerpt":{"rendered":"<p>Como a capacita\u00e7\u00e3o cont\u00ednua em sa\u00fade apoia a gest\u00e3o p\u00fablica, fortalece o SUS e reduz retrabalho em munic\u00edpios brasileiros, com solu\u00e7\u00f5es pr\u00e1ticas para equipes e gestores.<\/p>\n","protected":false},"author":2,"featured_media":1057,"comment_status":"open","ping_status":"open","sticky":false,"template":"","format":"standard","meta":{"site-sidebar-layout":"default","site-content-layout":"","ast-site-content-layout":"default","site-content-style":"default","site-sidebar-style":"default","ast-global-header-display":"","ast-banner-title-visibility":"","ast-main-header-display":"","ast-hfb-above-header-display":"","ast-hfb-below-header-display":"","ast-hfb-mobile-header-display":"","site-post-title":"","ast-breadcrumbs-content":"","ast-featured-img":"","footer-sml-layout":"","ast-disable-related-posts":"","theme-transparent-header-meta":"","adv-header-id-meta":"","stick-header-meta":"","header-above-stick-meta":"","header-main-stick-meta":"","header-below-stick-meta":"","astra-migrate-meta-layouts":"default","ast-page-background-enabled":"default","ast-page-background-meta":{"desktop":{"background-color":"var(--ast-global-color-5)","background-image":"","background-repeat":"repeat","background-position":"center center","background-size":"auto","background-attachment":"scroll","background-type":"","background-media":"","overlay-type":"","overlay-color":"","overlay-opacity":"","overlay-gradient":""},"tablet":{"background-color":"","background-image":"","background-repeat":"repeat","background-position":"center center","background-size":"auto","background-attachment":"scroll","background-type":"","background-media":"","overlay-type":"","overlay-color":"","overlay-opacity":"","overlay-gradient":""},"mobile":{"background-color":"","background-image":"","background-repeat":"repeat","background-position":"center center","background-size":"auto","background-attachment":"scroll","background-type":"","background-media":"","overlay-type":"","overlay-color":"","overlay-opacity":"","overlay-gradient":""}},"ast-content-background-meta":{"desktop":{"background-color":"var(--ast-global-color-4)","background-image":"","background-repeat":"repeat","background-position":"center center","background-size":"auto","background-attachment":"scroll","background-type":"","background-media":"","overlay-type":"","overlay-color":"","overlay-opacity":"","overlay-gradient":""},"tablet":{"background-color":"var(--ast-global-color-4)","background-image":"","background-repeat":"repeat","background-position":"center center","background-size":"auto","background-attachment":"scroll","background-type":"","background-media":"","overlay-type":"","overlay-color":"","overlay-opacity":"","overlay-gradient":""},"mobile":{"background-color":"var(--ast-global-color-4)","background-image":"","background-repeat":"repeat","background-position":"center center","background-size":"auto","background-attachment":"scroll","background-type":"","background-media":"","overlay-type":"","overlay-color":"","overlay-opacity":"","overlay-gradient":""}},"footnotes":""},"categories":[30,92],"tags":[],"class_list":["post-1049","post","type-post","status-publish","format-standard","has-post-thumbnail","hentry","category-saude","category-todos"],"yoast_head":"<!-- This site is optimized with the Yoast SEO plugin v26.8 - https:\/\/yoast.com\/product\/yoast-seo-wordpress\/ -->\n<title>Capacita\u00e7\u00e3o em sa\u00fade como ferramenta para apoiar a gest\u00e3o p\u00fablica e reduzir retrabalho - UniPROF | Novidades, estudos e atualiza\u00e7\u00f5es<\/title>\n<meta name=\"robots\" content=\"index, follow, max-snippet:-1, max-image-preview:large, max-video-preview:-1\" \/>\n<link rel=\"canonical\" href=\"https:\/\/uniprof.com.br\/blog\/capacitacao-em-saude-como-ferramenta-para-apoiar-a-gestao-publica-e-reduzir-retrabalho\/\" \/>\n<meta property=\"og:locale\" content=\"pt_BR\" \/>\n<meta property=\"og:type\" content=\"article\" \/>\n<meta property=\"og:title\" content=\"Capacita\u00e7\u00e3o em sa\u00fade como ferramenta para apoiar a gest\u00e3o p\u00fablica e reduzir retrabalho - UniPROF | Novidades, estudos e atualiza\u00e7\u00f5es\" \/>\n<meta property=\"og:description\" content=\"Como a capacita\u00e7\u00e3o cont\u00ednua em sa\u00fade apoia a gest\u00e3o p\u00fablica, fortalece o SUS e reduz retrabalho em munic\u00edpios brasileiros, com solu\u00e7\u00f5es pr\u00e1ticas para equipes e gestores.\" \/>\n<meta property=\"og:url\" content=\"https:\/\/uniprof.com.br\/blog\/capacitacao-em-saude-como-ferramenta-para-apoiar-a-gestao-publica-e-reduzir-retrabalho\/\" \/>\n<meta property=\"og:site_name\" content=\"UniPROF | Novidades, estudos e atualiza\u00e7\u00f5es\" \/>\n<meta property=\"article:publisher\" content=\"https:\/\/www.facebook.com\/uniprof.oficial\" \/>\n<meta property=\"article:published_time\" content=\"2026-01-29T17:57:36+00:00\" \/>\n<meta property=\"article:modified_time\" content=\"2026-01-29T18:21:09+00:00\" \/>\n<meta property=\"og:image\" content=\"https:\/\/uniprof.com.br\/blog\/wp-content\/uploads\/2026\/01\/Design-sem-nome-30.png\" \/>\n\t<meta property=\"og:image:width\" content=\"960\" \/>\n\t<meta property=\"og:image:height\" content=\"540\" \/>\n\t<meta property=\"og:image:type\" content=\"image\/png\" \/>\n<meta name=\"author\" content=\"Rodrigo Lopes\" \/>\n<meta name=\"twitter:card\" content=\"summary_large_image\" \/>\n<meta name=\"twitter:label1\" content=\"Escrito por\" \/>\n\t<meta name=\"twitter:data1\" content=\"Rodrigo Lopes\" \/>\n\t<meta name=\"twitter:label2\" content=\"Est. tempo de leitura\" \/>\n\t<meta name=\"twitter:data2\" content=\"4 minutos\" \/>\n<script type=\"application\/ld+json\" class=\"yoast-schema-graph\">{\"@context\":\"https:\/\/schema.org\",\"@graph\":[{\"@type\":\"Article\",\"@id\":\"https:\/\/uniprof.com.br\/blog\/capacitacao-em-saude-como-ferramenta-para-apoiar-a-gestao-publica-e-reduzir-retrabalho\/#article\",\"isPartOf\":{\"@id\":\"https:\/\/uniprof.com.br\/blog\/capacitacao-em-saude-como-ferramenta-para-apoiar-a-gestao-publica-e-reduzir-retrabalho\/\"},\"author\":{\"name\":\"Rodrigo Lopes\",\"@id\":\"https:\/\/uniprof.com.br\/blog\/#\/schema\/person\/8b33282622da791b1ff3e1f74b03d480\"},\"headline\":\"Capacita\u00e7\u00e3o em sa\u00fade como ferramenta para apoiar a gest\u00e3o p\u00fablica e reduzir retrabalho\",\"datePublished\":\"2026-01-29T17:57:36+00:00\",\"dateModified\":\"2026-01-29T18:21:09+00:00\",\"mainEntityOfPage\":{\"@id\":\"https:\/\/uniprof.com.br\/blog\/capacitacao-em-saude-como-ferramenta-para-apoiar-a-gestao-publica-e-reduzir-retrabalho\/\"},\"wordCount\":822,\"commentCount\":0,\"publisher\":{\"@id\":\"https:\/\/uniprof.com.br\/blog\/#organization\"},\"image\":{\"@id\":\"https:\/\/uniprof.com.br\/blog\/capacitacao-em-saude-como-ferramenta-para-apoiar-a-gestao-publica-e-reduzir-retrabalho\/#primaryimage\"},\"thumbnailUrl\":\"https:\/\/uniprof.com.br\/blog\/wp-content\/uploads\/2026\/01\/Design-sem-nome-30.png\",\"articleSection\":[\"Sa\u00fade\",\"Todos\"],\"inLanguage\":\"pt-BR\",\"potentialAction\":[{\"@type\":\"CommentAction\",\"name\":\"Comment\",\"target\":[\"https:\/\/uniprof.com.br\/blog\/capacitacao-em-saude-como-ferramenta-para-apoiar-a-gestao-publica-e-reduzir-retrabalho\/#respond\"]}]},{\"@type\":\"WebPage\",\"@id\":\"https:\/\/uniprof.com.br\/blog\/capacitacao-em-saude-como-ferramenta-para-apoiar-a-gestao-publica-e-reduzir-retrabalho\/\",\"url\":\"https:\/\/uniprof.com.br\/blog\/capacitacao-em-saude-como-ferramenta-para-apoiar-a-gestao-publica-e-reduzir-retrabalho\/\",\"name\":\"Capacita\u00e7\u00e3o em sa\u00fade como ferramenta para apoiar a gest\u00e3o p\u00fablica e reduzir retrabalho - UniPROF | Novidades, estudos e atualiza\u00e7\u00f5es\",\"isPartOf\":{\"@id\":\"https:\/\/uniprof.com.br\/blog\/#website\"},\"primaryImageOfPage\":{\"@id\":\"https:\/\/uniprof.com.br\/blog\/capacitacao-em-saude-como-ferramenta-para-apoiar-a-gestao-publica-e-reduzir-retrabalho\/#primaryimage\"},\"image\":{\"@id\":\"https:\/\/uniprof.com.br\/blog\/capacitacao-em-saude-como-ferramenta-para-apoiar-a-gestao-publica-e-reduzir-retrabalho\/#primaryimage\"},\"thumbnailUrl\":\"https:\/\/uniprof.com.br\/blog\/wp-content\/uploads\/2026\/01\/Design-sem-nome-30.png\",\"datePublished\":\"2026-01-29T17:57:36+00:00\",\"dateModified\":\"2026-01-29T18:21:09+00:00\",\"breadcrumb\":{\"@id\":\"https:\/\/uniprof.com.br\/blog\/capacitacao-em-saude-como-ferramenta-para-apoiar-a-gestao-publica-e-reduzir-retrabalho\/#breadcrumb\"},\"inLanguage\":\"pt-BR\",\"potentialAction\":[{\"@type\":\"ReadAction\",\"target\":[\"https:\/\/uniprof.com.br\/blog\/capacitacao-em-saude-como-ferramenta-para-apoiar-a-gestao-publica-e-reduzir-retrabalho\/\"]}]},{\"@type\":\"ImageObject\",\"inLanguage\":\"pt-BR\",\"@id\":\"https:\/\/uniprof.com.br\/blog\/capacitacao-em-saude-como-ferramenta-para-apoiar-a-gestao-publica-e-reduzir-retrabalho\/#primaryimage\",\"url\":\"https:\/\/uniprof.com.br\/blog\/wp-content\/uploads\/2026\/01\/Design-sem-nome-30.png\",\"contentUrl\":\"https:\/\/uniprof.com.br\/blog\/wp-content\/uploads\/2026\/01\/Design-sem-nome-30.png\",\"width\":960,\"height\":540},{\"@type\":\"BreadcrumbList\",\"@id\":\"https:\/\/uniprof.com.br\/blog\/capacitacao-em-saude-como-ferramenta-para-apoiar-a-gestao-publica-e-reduzir-retrabalho\/#breadcrumb\",\"itemListElement\":[{\"@type\":\"ListItem\",\"position\":1,\"name\":\"In\u00edcio\",\"item\":\"https:\/\/uniprof.com.br\/blog\/\"},{\"@type\":\"ListItem\",\"position\":2,\"name\":\"Capacita\u00e7\u00e3o em sa\u00fade como ferramenta para apoiar a gest\u00e3o p\u00fablica e reduzir retrabalho\"}]},{\"@type\":\"WebSite\",\"@id\":\"https:\/\/uniprof.com.br\/blog\/#website\",\"url\":\"https:\/\/uniprof.com.br\/blog\/\",\"name\":\"UniPROF | Novidades, estudos e atualiza\u00e7\u00f5es\",\"description\":\"\",\"publisher\":{\"@id\":\"https:\/\/uniprof.com.br\/blog\/#organization\"},\"potentialAction\":[{\"@type\":\"SearchAction\",\"target\":{\"@type\":\"EntryPoint\",\"urlTemplate\":\"https:\/\/uniprof.com.br\/blog\/?s={search_term_string}\"},\"query-input\":{\"@type\":\"PropertyValueSpecification\",\"valueRequired\":true,\"valueName\":\"search_term_string\"}}],\"inLanguage\":\"pt-BR\"},{\"@type\":\"Organization\",\"@id\":\"https:\/\/uniprof.com.br\/blog\/#organization\",\"name\":\"UniPROF\",\"url\":\"https:\/\/uniprof.com.br\/blog\/\",\"logo\":{\"@type\":\"ImageObject\",\"inLanguage\":\"pt-BR\",\"@id\":\"https:\/\/uniprof.com.br\/blog\/#\/schema\/logo\/image\/\",\"url\":\"https:\/\/uniprof.com.br\/blog\/wp-content\/uploads\/2026\/01\/cropped-cropped-3.png\",\"contentUrl\":\"https:\/\/uniprof.com.br\/blog\/wp-content\/uploads\/2026\/01\/cropped-cropped-3.png\",\"width\":512,\"height\":512,\"caption\":\"UniPROF\"},\"image\":{\"@id\":\"https:\/\/uniprof.com.br\/blog\/#\/schema\/logo\/image\/\"},\"sameAs\":[\"https:\/\/www.facebook.com\/uniprof.oficial\",\"https:\/\/www.instagram.com\/uniprof.oficial\",\"https:\/\/www.linkedin.com\/company\/escolauniprof\/\",\"https:\/\/www.youtube.com\/@uniprof.oficial\",\"https:\/\/www.linkedin.com\/company\/uniprofoficial\/?viewAsMember=true\"]},{\"@type\":\"Person\",\"@id\":\"https:\/\/uniprof.com.br\/blog\/#\/schema\/person\/8b33282622da791b1ff3e1f74b03d480\",\"name\":\"Rodrigo Lopes\",\"image\":{\"@type\":\"ImageObject\",\"inLanguage\":\"pt-BR\",\"@id\":\"https:\/\/uniprof.com.br\/blog\/#\/schema\/person\/image\/\",\"url\":\"https:\/\/secure.gravatar.com\/avatar\/004d2905832cfde9a6f613eff1801f19e28a22df8e20b33906471289f5e1e172?s=96&d=mm&r=g\",\"contentUrl\":\"https:\/\/secure.gravatar.com\/avatar\/004d2905832cfde9a6f613eff1801f19e28a22df8e20b33906471289f5e1e172?s=96&d=mm&r=g\",\"caption\":\"Rodrigo Lopes\"}}]}<\/script>\n<!-- \/ Yoast SEO plugin. -->","yoast_head_json":{"title":"Capacita\u00e7\u00e3o em sa\u00fade como ferramenta para apoiar a gest\u00e3o p\u00fablica e reduzir retrabalho - UniPROF | Novidades, estudos e atualiza\u00e7\u00f5es","robots":{"index":"index","follow":"follow","max-snippet":"max-snippet:-1","max-image-preview":"max-image-preview:large","max-video-preview":"max-video-preview:-1"},"canonical":"https:\/\/uniprof.com.br\/blog\/capacitacao-em-saude-como-ferramenta-para-apoiar-a-gestao-publica-e-reduzir-retrabalho\/","og_locale":"pt_BR","og_type":"article","og_title":"Capacita\u00e7\u00e3o em sa\u00fade como ferramenta para apoiar a gest\u00e3o p\u00fablica e reduzir retrabalho - UniPROF | Novidades, estudos e atualiza\u00e7\u00f5es","og_description":"Como a capacita\u00e7\u00e3o cont\u00ednua em sa\u00fade apoia a gest\u00e3o p\u00fablica, fortalece o SUS e reduz retrabalho em munic\u00edpios brasileiros, com solu\u00e7\u00f5es pr\u00e1ticas para equipes e gestores.","og_url":"https:\/\/uniprof.com.br\/blog\/capacitacao-em-saude-como-ferramenta-para-apoiar-a-gestao-publica-e-reduzir-retrabalho\/","og_site_name":"UniPROF | Novidades, estudos e atualiza\u00e7\u00f5es","article_publisher":"https:\/\/www.facebook.com\/uniprof.oficial","article_published_time":"2026-01-29T17:57:36+00:00","article_modified_time":"2026-01-29T18:21:09+00:00","og_image":[{"width":960,"height":540,"url":"https:\/\/uniprof.com.br\/blog\/wp-content\/uploads\/2026\/01\/Design-sem-nome-30.png","type":"image\/png"}],"author":"Rodrigo Lopes","twitter_card":"summary_large_image","twitter_misc":{"Escrito por":"Rodrigo Lopes","Est. tempo de leitura":"4 minutos"},"schema":{"@context":"https:\/\/schema.org","@graph":[{"@type":"Article","@id":"https:\/\/uniprof.com.br\/blog\/capacitacao-em-saude-como-ferramenta-para-apoiar-a-gestao-publica-e-reduzir-retrabalho\/#article","isPartOf":{"@id":"https:\/\/uniprof.com.br\/blog\/capacitacao-em-saude-como-ferramenta-para-apoiar-a-gestao-publica-e-reduzir-retrabalho\/"},"author":{"name":"Rodrigo Lopes","@id":"https:\/\/uniprof.com.br\/blog\/#\/schema\/person\/8b33282622da791b1ff3e1f74b03d480"},"headline":"Capacita\u00e7\u00e3o em sa\u00fade como ferramenta para apoiar a gest\u00e3o p\u00fablica e reduzir retrabalho","datePublished":"2026-01-29T17:57:36+00:00","dateModified":"2026-01-29T18:21:09+00:00","mainEntityOfPage":{"@id":"https:\/\/uniprof.com.br\/blog\/capacitacao-em-saude-como-ferramenta-para-apoiar-a-gestao-publica-e-reduzir-retrabalho\/"},"wordCount":822,"commentCount":0,"publisher":{"@id":"https:\/\/uniprof.com.br\/blog\/#organization"},"image":{"@id":"https:\/\/uniprof.com.br\/blog\/capacitacao-em-saude-como-ferramenta-para-apoiar-a-gestao-publica-e-reduzir-retrabalho\/#primaryimage"},"thumbnailUrl":"https:\/\/uniprof.com.br\/blog\/wp-content\/uploads\/2026\/01\/Design-sem-nome-30.png","articleSection":["Sa\u00fade","Todos"],"inLanguage":"pt-BR","potentialAction":[{"@type":"CommentAction","name":"Comment","target":["https:\/\/uniprof.com.br\/blog\/capacitacao-em-saude-como-ferramenta-para-apoiar-a-gestao-publica-e-reduzir-retrabalho\/#respond"]}]},{"@type":"WebPage","@id":"https:\/\/uniprof.com.br\/blog\/capacitacao-em-saude-como-ferramenta-para-apoiar-a-gestao-publica-e-reduzir-retrabalho\/","url":"https:\/\/uniprof.com.br\/blog\/capacitacao-em-saude-como-ferramenta-para-apoiar-a-gestao-publica-e-reduzir-retrabalho\/","name":"Capacita\u00e7\u00e3o em sa\u00fade como ferramenta para apoiar a gest\u00e3o p\u00fablica e reduzir retrabalho - UniPROF | Novidades, estudos e atualiza\u00e7\u00f5es","isPartOf":{"@id":"https:\/\/uniprof.com.br\/blog\/#website"},"primaryImageOfPage":{"@id":"https:\/\/uniprof.com.br\/blog\/capacitacao-em-saude-como-ferramenta-para-apoiar-a-gestao-publica-e-reduzir-retrabalho\/#primaryimage"},"image":{"@id":"https:\/\/uniprof.com.br\/blog\/capacitacao-em-saude-como-ferramenta-para-apoiar-a-gestao-publica-e-reduzir-retrabalho\/#primaryimage"},"thumbnailUrl":"https:\/\/uniprof.com.br\/blog\/wp-content\/uploads\/2026\/01\/Design-sem-nome-30.png","datePublished":"2026-01-29T17:57:36+00:00","dateModified":"2026-01-29T18:21:09+00:00","breadcrumb":{"@id":"https:\/\/uniprof.com.br\/blog\/capacitacao-em-saude-como-ferramenta-para-apoiar-a-gestao-publica-e-reduzir-retrabalho\/#breadcrumb"},"inLanguage":"pt-BR","potentialAction":[{"@type":"ReadAction","target":["https:\/\/uniprof.com.br\/blog\/capacitacao-em-saude-como-ferramenta-para-apoiar-a-gestao-publica-e-reduzir-retrabalho\/"]}]},{"@type":"ImageObject","inLanguage":"pt-BR","@id":"https:\/\/uniprof.com.br\/blog\/capacitacao-em-saude-como-ferramenta-para-apoiar-a-gestao-publica-e-reduzir-retrabalho\/#primaryimage","url":"https:\/\/uniprof.com.br\/blog\/wp-content\/uploads\/2026\/01\/Design-sem-nome-30.png","contentUrl":"https:\/\/uniprof.com.br\/blog\/wp-content\/uploads\/2026\/01\/Design-sem-nome-30.png","width":960,"height":540},{"@type":"BreadcrumbList","@id":"https:\/\/uniprof.com.br\/blog\/capacitacao-em-saude-como-ferramenta-para-apoiar-a-gestao-publica-e-reduzir-retrabalho\/#breadcrumb","itemListElement":[{"@type":"ListItem","position":1,"name":"In\u00edcio","item":"https:\/\/uniprof.com.br\/blog\/"},{"@type":"ListItem","position":2,"name":"Capacita\u00e7\u00e3o em sa\u00fade como ferramenta para apoiar a gest\u00e3o p\u00fablica e reduzir retrabalho"}]},{"@type":"WebSite","@id":"https:\/\/uniprof.com.br\/blog\/#website","url":"https:\/\/uniprof.com.br\/blog\/","name":"UniPROF | Novidades, estudos e atualiza\u00e7\u00f5es","description":"","publisher":{"@id":"https:\/\/uniprof.com.br\/blog\/#organization"},"potentialAction":[{"@type":"SearchAction","target":{"@type":"EntryPoint","urlTemplate":"https:\/\/uniprof.com.br\/blog\/?s={search_term_string}"},"query-input":{"@type":"PropertyValueSpecification","valueRequired":true,"valueName":"search_term_string"}}],"inLanguage":"pt-BR"},{"@type":"Organization","@id":"https:\/\/uniprof.com.br\/blog\/#organization","name":"UniPROF","url":"https:\/\/uniprof.com.br\/blog\/","logo":{"@type":"ImageObject","inLanguage":"pt-BR","@id":"https:\/\/uniprof.com.br\/blog\/#\/schema\/logo\/image\/","url":"https:\/\/uniprof.com.br\/blog\/wp-content\/uploads\/2026\/01\/cropped-cropped-3.png","contentUrl":"https:\/\/uniprof.com.br\/blog\/wp-content\/uploads\/2026\/01\/cropped-cropped-3.png","width":512,"height":512,"caption":"UniPROF"},"image":{"@id":"https:\/\/uniprof.com.br\/blog\/#\/schema\/logo\/image\/"},"sameAs":["https:\/\/www.facebook.com\/uniprof.oficial","https:\/\/www.instagram.com\/uniprof.oficial","https:\/\/www.linkedin.com\/company\/escolauniprof\/","https:\/\/www.youtube.com\/@uniprof.oficial","https:\/\/www.linkedin.com\/company\/uniprofoficial\/?viewAsMember=true"]},{"@type":"Person","@id":"https:\/\/uniprof.com.br\/blog\/#\/schema\/person\/8b33282622da791b1ff3e1f74b03d480","name":"Rodrigo Lopes","image":{"@type":"ImageObject","inLanguage":"pt-BR","@id":"https:\/\/uniprof.com.br\/blog\/#\/schema\/person\/image\/","url":"https:\/\/secure.gravatar.com\/avatar\/004d2905832cfde9a6f613eff1801f19e28a22df8e20b33906471289f5e1e172?s=96&d=mm&r=g","contentUrl":"https:\/\/secure.gravatar.com\/avatar\/004d2905832cfde9a6f613eff1801f19e28a22df8e20b33906471289f5e1e172?s=96&d=mm&r=g","caption":"Rodrigo Lopes"}}]}},"_links":{"self":[{"href":"https:\/\/uniprof.com.br\/blog\/wp-json\/wp\/v2\/posts\/1049","targetHints":{"allow":["GET"]}}],"collection":[{"href":"https:\/\/uniprof.com.br\/blog\/wp-json\/wp\/v2\/posts"}],"about":[{"href":"https:\/\/uniprof.com.br\/blog\/wp-json\/wp\/v2\/types\/post"}],"author":[{"embeddable":true,"href":"https:\/\/uniprof.com.br\/blog\/wp-json\/wp\/v2\/users\/2"}],"replies":[{"embeddable":true,"href":"https:\/\/uniprof.com.br\/blog\/wp-json\/wp\/v2\/comments?post=1049"}],"version-history":[{"count":10,"href":"https:\/\/uniprof.com.br\/blog\/wp-json\/wp\/v2\/posts\/1049\/revisions"}],"predecessor-version":[{"id":1062,"href":"https:\/\/uniprof.com.br\/blog\/wp-json\/wp\/v2\/posts\/1049\/revisions\/1062"}],"wp:featuredmedia":[{"embeddable":true,"href":"https:\/\/uniprof.com.br\/blog\/wp-json\/wp\/v2\/media\/1057"}],"wp:attachment":[{"href":"https:\/\/uniprof.com.br\/blog\/wp-json\/wp\/v2\/media?parent=1049"}],"wp:term":[{"taxonomy":"category","embeddable":true,"href":"https:\/\/uniprof.com.br\/blog\/wp-json\/wp\/v2\/categories?post=1049"},{"taxonomy":"post_tag","embeddable":true,"href":"https:\/\/uniprof.com.br\/blog\/wp-json\/wp\/v2\/tags?post=1049"}],"curies":[{"name":"wp","href":"https:\/\/api.w.org\/{rel}","templated":true}]}}