{"id":364,"date":"2021-05-19T16:25:59","date_gmt":"2021-05-19T19:25:59","guid":{"rendered":"https:\/\/uniprof.com.br\/qas-blog\/aumente-sua-renda\/"},"modified":"2021-10-06T20:19:27","modified_gmt":"2021-10-06T20:19:27","slug":"aumente-sua-renda","status":"publish","type":"post","link":"https:\/\/uniprof.com.br\/blog\/aumente-sua-renda\/","title":{"rendered":"3 dicas f\u00e1ceis para aumentar sua renda e fugir do desemprego"},"content":{"rendered":"<div id=\"bsf_rt_marker\"><\/div>\n<div class=\"wp-block-image\"><figure class=\"aligncenter size-large is-resized\"><img fetchpriority=\"high\" decoding=\"async\" src=\"https:\/\/images.pexels.com\/photos\/4386373\/pexels-photo-4386373.jpeg?auto=compress&amp;cs=tinysrgb&amp;dpr=2&amp;h=650&amp;w=940\" alt=\"\" width=\"596\" height=\"397\"\/><\/figure><\/div>\n\n\n\n<p>O desemprego cresce cada vez mais em nosso pa\u00eds, por isso \u00e9 necess\u00e1rio que existam profissionais qualificados para se destacar e aumentar suas chances de conseguir um bom lugar no mercado de trabalho.<\/p>\n\n\n\n<p>A situa\u00e7\u00e3o do desemprego aumentou devido ao quadro pand\u00eamico do Corona v\u00edrus, e, por isso, diversos setores sofreram adapta\u00e7\u00f5es e crises, principalmente o da economia. <\/p>\n\n\n\n<p>Assim sendo, \u00e9 necess\u00e1rio encontrar formas de aumentar a renda da popula\u00e7\u00e3o para que elas possam fugir do desemprego e da crise.<\/p>\n\n\n\n<p>Posto isso, vale destacar que a economia informal vem ganhando mais espa\u00e7o, principalmente como um modelo de neg\u00f3cios, funcionando como uma estrat\u00e9gia de alguns brasileiros para desenvolver suas atividades profissionais a fim de obter uma renda.&nbsp;<\/p>\n\n\n\n<p>O empreendedorismo com certeza \u00e9 uma alternativa interessante para aqueles que est\u00e3o desempregados ou sem perspectiva do que ir\u00e3o fazer no futuro, at\u00e9 porque o empreendedor consegue ser o respons\u00e1vel por transformar a economia local, sendo um dos geradores de emprego do Brasil.&nbsp;<\/p>\n\n\n\n<p>Separamos aqui algumas dicas de como voc\u00ea pode aumentar a sua renda e fugir do desemprego:.&nbsp;<\/p>\n\n\n\n<h2 class=\"wp-block-heading\">Voc\u00ea precisa fazer o que gosta<\/h2>\n\n\n\n<div class=\"wp-block-image\"><figure class=\"aligncenter size-large is-resized\"><img decoding=\"async\" src=\"https:\/\/images.pexels.com\/photos\/935756\/pexels-photo-935756.jpeg?auto=compress&amp;cs=tinysrgb&amp;dpr=2&amp;h=650&amp;w=940\" alt=\"\" width=\"628\" height=\"418\"\/><\/figure><\/div>\n\n\n\n<p>Para aumentar a sua renda e fugir do desemprego voc\u00ea precisa fazer o que gosta, pois essa ser\u00e1 a sua <strong>motiva\u00e7\u00e3o<\/strong> para o dia a dia profissional.<\/p>\n\n\n\n<p>Lembre-se sempre de que inovar \u00e9 importante, mas de nada adianta inovar em algo que n\u00e3o gosta.<\/p>\n\n\n\n<p>Come\u00e7ar um novo empreendimento, ou qualquer outra alternativa, pode ser um tanto desanimador, e com diversos obst\u00e1culos, ent\u00e3o a sua motiva\u00e7\u00e3o ser\u00e1 primordial para iniciar essa nova jornada.<\/p>\n\n\n\n<h2 class=\"wp-block-heading\">Tenha um planejamento de como iniciar a sua nova renda<\/h2>\n\n\n\n<div class=\"wp-block-image\"><figure class=\"aligncenter size-large is-resized\"><img decoding=\"async\" src=\"https:\/\/images.pexels.com\/photos\/1226398\/pexels-photo-1226398.jpeg?auto=compress&amp;cs=tinysrgb&amp;dpr=2&amp;h=650&amp;w=940\" alt=\"\" width=\"663\" height=\"372\"\/><\/figure><\/div>\n\n\n\n<p>Planejar o que voc\u00ea vai come\u00e7ar, como neg\u00f3cio, \u00e9 um passo imprescind\u00edvel para ter sucesso no que fizer, afinal, dessa forma, voc\u00ea vai conseguir reduzir os riscos de eventuais contratempos.<\/p>\n\n\n\n<p>Com um plano de neg\u00f3cios em m\u00e3os, voc\u00ea pode seguir os seus objetivos e metas, trilhando uma jornada incr\u00edvel para o seu neg\u00f3cio.<\/p>\n\n\n\n<p>Por\u00e9m, para fazer esse planejamento, e o plano de neg\u00f3cios, voc\u00ea precisa entender como se faz, ent\u00e3o busque e aprenda como fazer um planejamento de qualidade.<\/p>\n\n\n\n<h2 class=\"wp-block-heading\">Invista em sua carreira profissional<\/h2>\n\n\n\n<div class=\"wp-block-image\"><figure class=\"aligncenter size-large is-resized\"><img loading=\"lazy\" decoding=\"async\" src=\"https:\/\/images.pexels.com\/photos\/7357\/startup-photos.jpg?auto=compress&amp;cs=tinysrgb&amp;dpr=2&amp;h=650&amp;w=940\" alt=\"\" width=\"639\" height=\"425\"\/><\/figure><\/div>\n\n\n\n<p>Uma carreira profissional, de qualidade, come\u00e7a a partir do seu investimento em especializa\u00e7\u00e3o, e entendemos que nem todos possuem as condi\u00e7\u00f5es financeiras necess\u00e1rias para um curso t\u00e9cnico ou superior.<\/p>\n\n\n\n<p>Pensando nisso, a sua solu\u00e7\u00e3o pode estar nos cursos profissionalizantes, visto que a sua carga hor\u00e1ria \u00e9 menor, e como o pr\u00f3prio nome j\u00e1 nos traz uma ideia, o seu objetivo \u00e9 profissionalizar os estudantes.&nbsp;<\/p>\n\n\n\n<p>O curso profissionalizante \u00e9 muito acess\u00edvel financeiramente, e, como hoje precisamos seguir as recomenda\u00e7\u00f5es da Organiza\u00e7\u00e3o Mundial da Sa\u00fade e respeitar o distanciamento e isolamento social, a maior parte desses cursos est\u00e3o ofertados na modalidade de Educa\u00e7\u00e3o \u00e0 Dist\u00e2ncia.&nbsp;<\/p>\n\n\n\n<p>O site da <a href=\"https:\/\/uniprof.com.br\/cursos\/?utm_source=blog&amp;utm_medium=artigo&amp;utm_campaign=blog&amp;utm_term=aumente_sua_renda\">UniPROF<\/a> tem cursos em diversas \u00e1reas, como Sa\u00fade e Beleza, Carreira e Sucesso, Seguran\u00e7a do Trabalho, Tecnologia, Educa\u00e7\u00e3o e Gastronomia, sendo todos com pre\u00e7os acess\u00edveis e qualidade para transformar os estudantes em profissionais capacitados. <\/p>\n\n\n\n<p>Entre na nossa <a href=\"https:\/\/uniprof.com.br\/cursos\/?utm_source=blog&amp;utm_medium=artigo&amp;utm_campaign=blog&amp;utm_term=aumente_sua_renda\">plataforma<\/a> e saia com uma profiss\u00e3o que aumentar\u00e1 sua renda!<\/p>\n\n\n\n<div class=\"wp-block-image\"><figure class=\"aligncenter size-large\"><a href=\"https:\/\/uniprof.com.br\/cursos\/?utm_source=blog&amp;utm_medium=banner&amp;utm_campaign=blog&amp;utm_term=aumente_sua_renda\"><img loading=\"lazy\" decoding=\"async\" width=\"750\" height=\"200\" src=\"https:\/\/blog.uniprof.com.br\/wp-content\/uploads\/2021\/07\/Use-o-cupom-UNIPROF2021-e-ganhe-5-de-desconto-3.png\" alt=\"\" class=\"wp-image-745\" srcset=\"https:\/\/uniprof.com.br\/blog\/wp-content\/uploads\/2021\/07\/Use-o-cupom-UNIPROF2021-e-ganhe-5-de-desconto-3.png 750w, https:\/\/uniprof.com.br\/blog\/wp-content\/uploads\/2021\/07\/Use-o-cupom-UNIPROF2021-e-ganhe-5-de-desconto-3-300x80.png 300w\" sizes=\"(max-width: 750px) 100vw, 750px\" \/><\/a><\/figure><\/div>\n\n\n\n<ul class=\"wp-block-social-links is-layout-flex wp-block-social-links-is-layout-flex\"><li class=\"wp-social-link wp-social-link-facebook  wp-block-social-link\"><a href=\"https:\/\/www.facebook.com\/Universidadedaprofissao\/\" class=\"wp-block-social-link-anchor\"><svg width=\"24\" height=\"24\" viewBox=\"0 0 24 24\" version=\"1.1\" xmlns=\"http:\/\/www.w3.org\/2000\/svg\" aria-hidden=\"true\" focusable=\"false\"><path d=\"M12 2C6.5 2 2 6.5 2 12c0 5 3.7 9.1 8.4 9.9v-7H7.9V12h2.5V9.8c0-2.5 1.5-3.9 3.8-3.9 1.1 0 2.2.2 2.2.2v2.5h-1.3c-1.2 0-1.6.8-1.6 1.6V12h2.8l-.4 2.9h-2.3v7C18.3 21.1 22 17 22 12c0-5.5-4.5-10-10-10z\"><\/path><\/svg><span class=\"wp-block-social-link-label screen-reader-text\">Facebook<\/span><\/a><\/li>\n\n\n\n<li class=\"wp-social-link wp-social-link-instagram  wp-block-social-link\"><a href=\"https:\/\/www.instagram.com\/universidadedaprofissao\/\" class=\"wp-block-social-link-anchor\"><svg width=\"24\" height=\"24\" viewBox=\"0 0 24 24\" version=\"1.1\" xmlns=\"http:\/\/www.w3.org\/2000\/svg\" aria-hidden=\"true\" focusable=\"false\"><path d=\"M12,4.622c2.403,0,2.688,0.009,3.637,0.052c0.877,0.04,1.354,0.187,1.671,0.31c0.42,0.163,0.72,0.358,1.035,0.673 c0.315,0.315,0.51,0.615,0.673,1.035c0.123,0.317,0.27,0.794,0.31,1.671c0.043,0.949,0.052,1.234,0.052,3.637 s-0.009,2.688-0.052,3.637c-0.04,0.877-0.187,1.354-0.31,1.671c-0.163,0.42-0.358,0.72-0.673,1.035 c-0.315,0.315-0.615,0.51-1.035,0.673c-0.317,0.123-0.794,0.27-1.671,0.31c-0.949,0.043-1.233,0.052-3.637,0.052 s-2.688-0.009-3.637-0.052c-0.877-0.04-1.354-0.187-1.671-0.31c-0.42-0.163-0.72-0.358-1.035-0.673 c-0.315-0.315-0.51-0.615-0.673-1.035c-0.123-0.317-0.27-0.794-0.31-1.671C4.631,14.688,4.622,14.403,4.622,12 s0.009-2.688,0.052-3.637c0.04-0.877,0.187-1.354,0.31-1.671c0.163-0.42,0.358-0.72,0.673-1.035 c0.315-0.315,0.615-0.51,1.035-0.673c0.317-0.123,0.794-0.27,1.671-0.31C9.312,4.631,9.597,4.622,12,4.622 M12,3 C9.556,3,9.249,3.01,8.289,3.054C7.331,3.098,6.677,3.25,6.105,3.472C5.513,3.702,5.011,4.01,4.511,4.511 c-0.5,0.5-0.808,1.002-1.038,1.594C3.25,6.677,3.098,7.331,3.054,8.289C3.01,9.249,3,9.556,3,12c0,2.444,0.01,2.751,0.054,3.711 c0.044,0.958,0.196,1.612,0.418,2.185c0.23,0.592,0.538,1.094,1.038,1.594c0.5,0.5,1.002,0.808,1.594,1.038 c0.572,0.222,1.227,0.375,2.185,0.418C9.249,20.99,9.556,21,12,21s2.751-0.01,3.711-0.054c0.958-0.044,1.612-0.196,2.185-0.418 c0.592-0.23,1.094-0.538,1.594-1.038c0.5-0.5,0.808-1.002,1.038-1.594c0.222-0.572,0.375-1.227,0.418-2.185 C20.99,14.751,21,14.444,21,12s-0.01-2.751-0.054-3.711c-0.044-0.958-0.196-1.612-0.418-2.185c-0.23-0.592-0.538-1.094-1.038-1.594 c-0.5-0.5-1.002-0.808-1.594-1.038c-0.572-0.222-1.227-0.375-2.185-0.418C14.751,3.01,14.444,3,12,3L12,3z M12,7.378 c-2.552,0-4.622,2.069-4.622,4.622S9.448,16.622,12,16.622s4.622-2.069,4.622-4.622S14.552,7.378,12,7.378z M12,15 c-1.657,0-3-1.343-3-3s1.343-3,3-3s3,1.343,3,3S13.657,15,12,15z M16.804,6.116c-0.596,0-1.08,0.484-1.08,1.08 s0.484,1.08,1.08,1.08c0.596,0,1.08-0.484,1.08-1.08S17.401,6.116,16.804,6.116z\"><\/path><\/svg><span class=\"wp-block-social-link-label screen-reader-text\">Instagram<\/span><\/a><\/li>\n\n<li class=\"wp-social-link wp-social-link-linkedin  wp-block-social-link\"><a href=\"https:\/\/www.linkedin.com\/company\/escolauniprof\/\" class=\"wp-block-social-link-anchor\"><svg width=\"24\" height=\"24\" viewBox=\"0 0 24 24\" version=\"1.1\" xmlns=\"http:\/\/www.w3.org\/2000\/svg\" aria-hidden=\"true\" focusable=\"false\"><path d=\"M19.7,3H4.3C3.582,3,3,3.582,3,4.3v15.4C3,20.418,3.582,21,4.3,21h15.4c0.718,0,1.3-0.582,1.3-1.3V4.3 C21,3.582,20.418,3,19.7,3z M8.339,18.338H5.667v-8.59h2.672V18.338z M7.004,8.574c-0.857,0-1.549-0.694-1.549-1.548 c0-0.855,0.691-1.548,1.549-1.548c0.854,0,1.547,0.694,1.547,1.548C8.551,7.881,7.858,8.574,7.004,8.574z M18.339,18.338h-2.669 v-4.177c0-0.996-0.017-2.278-1.387-2.278c-1.389,0-1.601,1.086-1.601,2.206v4.249h-2.667v-8.59h2.559v1.174h0.037 c0.356-0.675,1.227-1.387,2.526-1.387c2.703,0,3.203,1.779,3.203,4.092V18.338z\"><\/path><\/svg><span class=\"wp-block-social-link-label screen-reader-text\">LinkedIn<\/span><\/a><\/li>\n\n<\/ul>\n","protected":false},"excerpt":{"rendered":"<p>O desemprego cresce cada vez mais em nosso pa\u00eds, por isso \u00e9 necess\u00e1rio que existam profissionais qualificados para se destacar [&hellip;]<\/p>\n","protected":false},"author":3,"featured_media":395,"comment_status":"open","ping_status":"open","sticky":false,"template":"","format":"standard","meta":{"site-sidebar-layout":"default","site-content-layout":"","ast-site-content-layout":"default","site-content-style":"default","site-sidebar-style":"default","ast-global-header-display":"","ast-banner-title-visibility":"","ast-main-header-display":"","ast-hfb-above-header-display":"","ast-hfb-below-header-display":"","ast-hfb-mobile-header-display":"","site-post-title":"","ast-breadcrumbs-content":"","ast-featured-img":"","footer-sml-layout":"","ast-disable-related-posts":"","theme-transparent-header-meta":"","adv-header-id-meta":"","stick-header-meta":"","header-above-stick-meta":"","header-main-stick-meta":"","header-below-stick-meta":"","astra-migrate-meta-layouts":"default","ast-page-background-enabled":"default","ast-page-background-meta":{"desktop":{"background-color":"var(--ast-global-color-5)","background-image":"","background-repeat":"repeat","background-position":"center center","background-size":"auto","background-attachment":"scroll","background-type":"","background-media":"","overlay-type":"","overlay-color":"","overlay-opacity":"","overlay-gradient":""},"tablet":{"background-color":"","background-image":"","background-repeat":"repeat","background-position":"center center","background-size":"auto","background-attachment":"scroll","background-type":"","background-media":"","overlay-type":"","overlay-color":"","overlay-opacity":"","overlay-gradient":""},"mobile":{"background-color":"","background-image":"","background-repeat":"repeat","background-position":"center center","background-size":"auto","background-attachment":"scroll","background-type":"","background-media":"","overlay-type":"","overlay-color":"","overlay-opacity":"","overlay-gradient":""}},"ast-content-background-meta":{"desktop":{"background-color":"var(--ast-global-color-4)","background-image":"","background-repeat":"repeat","background-position":"center center","background-size":"auto","background-attachment":"scroll","background-type":"","background-media":"","overlay-type":"","overlay-color":"","overlay-opacity":"","overlay-gradient":""},"tablet":{"background-color":"var(--ast-global-color-4)","background-image":"","background-repeat":"repeat","background-position":"center center","background-size":"auto","background-attachment":"scroll","background-type":"","background-media":"","overlay-type":"","overlay-color":"","overlay-opacity":"","overlay-gradient":""},"mobile":{"background-color":"var(--ast-global-color-4)","background-image":"","background-repeat":"repeat","background-position":"center center","background-size":"auto","background-attachment":"scroll","background-type":"","background-media":"","overlay-type":"","overlay-color":"","overlay-opacity":"","overlay-gradient":""}},"footnotes":""},"categories":[20,92,25],"tags":[19,32,33,34,24],"class_list":["post-364","post","type-post","status-publish","format-standard","has-post-thumbnail","hentry","category-educacao-continuada","category-todos","category-uniprof","tag-cursos-profissionalizantes","tag-desemprego","tag-planejamento","tag-renda","tag-uniprof"],"yoast_head":"<!-- This site is optimized with the Yoast SEO plugin v26.8 - https:\/\/yoast.com\/product\/yoast-seo-wordpress\/ -->\n<title>3 dicas f\u00e1ceis para aumentar sua renda e fugir do desemprego<\/title>\n<meta name=\"description\" content=\"O empreendedorismo ganha cada vez mais mais espa\u00e7o entre os brasileiros como forma de aumentar a renda e fugir do desemprego no Brasil.\" \/>\n<meta name=\"robots\" content=\"index, follow, max-snippet:-1, max-image-preview:large, max-video-preview:-1\" \/>\n<link rel=\"canonical\" href=\"https:\/\/uniprof.com.br\/blog\/aumente-sua-renda\/\" \/>\n<meta property=\"og:locale\" content=\"pt_BR\" \/>\n<meta property=\"og:type\" content=\"article\" \/>\n<meta property=\"og:title\" content=\"3 dicas f\u00e1ceis para aumentar sua renda e fugir do desemprego\" \/>\n<meta property=\"og:description\" content=\"O empreendedorismo ganha cada vez mais mais espa\u00e7o entre os brasileiros como forma de aumentar a renda e fugir do desemprego no Brasil.\" \/>\n<meta property=\"og:url\" content=\"https:\/\/uniprof.com.br\/blog\/aumente-sua-renda\/\" \/>\n<meta property=\"og:site_name\" content=\"UniPROF | Novidades, estudos e atualiza\u00e7\u00f5es\" \/>\n<meta property=\"article:publisher\" content=\"https:\/\/www.facebook.com\/uniprof.oficial\" \/>\n<meta property=\"article:published_time\" content=\"2021-05-19T19:25:59+00:00\" \/>\n<meta property=\"article:modified_time\" content=\"2021-10-06T20:19:27+00:00\" \/>\n<meta property=\"og:image\" content=\"https:\/\/uniprof.com.br\/blog\/wp-content\/uploads\/2021\/05\/aumente-sua-renda.png\" \/>\n\t<meta property=\"og:image:width\" content=\"2240\" \/>\n\t<meta property=\"og:image:height\" content=\"1260\" \/>\n\t<meta property=\"og:image:type\" content=\"image\/png\" \/>\n<meta name=\"author\" content=\"Brenda Oliveira\" \/>\n<meta name=\"twitter:card\" content=\"summary_large_image\" \/>\n<meta name=\"twitter:label1\" content=\"Escrito por\" \/>\n\t<meta name=\"twitter:data1\" content=\"Brenda Oliveira\" \/>\n\t<meta name=\"twitter:label2\" content=\"Est. tempo de leitura\" \/>\n\t<meta name=\"twitter:data2\" content=\"4 minutos\" \/>\n<script type=\"application\/ld+json\" class=\"yoast-schema-graph\">{\"@context\":\"https:\/\/schema.org\",\"@graph\":[{\"@type\":\"Article\",\"@id\":\"https:\/\/uniprof.com.br\/blog\/aumente-sua-renda\/#article\",\"isPartOf\":{\"@id\":\"https:\/\/uniprof.com.br\/blog\/aumente-sua-renda\/\"},\"author\":{\"name\":\"Brenda Oliveira\",\"@id\":\"https:\/\/uniprof.com.br\/blog\/#\/schema\/person\/11b8bb909f5c483ca0c5c3c62c58f2e4\"},\"headline\":\"3 dicas f\u00e1ceis para aumentar sua renda e fugir do desemprego\",\"datePublished\":\"2021-05-19T19:25:59+00:00\",\"dateModified\":\"2021-10-06T20:19:27+00:00\",\"mainEntityOfPage\":{\"@id\":\"https:\/\/uniprof.com.br\/blog\/aumente-sua-renda\/\"},\"wordCount\":558,\"commentCount\":0,\"publisher\":{\"@id\":\"https:\/\/uniprof.com.br\/blog\/#organization\"},\"image\":{\"@id\":\"https:\/\/uniprof.com.br\/blog\/aumente-sua-renda\/#primaryimage\"},\"thumbnailUrl\":\"https:\/\/uniprof.com.br\/blog\/wp-content\/uploads\/2021\/05\/aumente-sua-renda.png\",\"keywords\":[\"cursos profissionalizantes\",\"desemprego\",\"planejamento\",\"renda\",\"UniPROF\"],\"articleSection\":[\"Educa\u00e7\u00e3o\",\"Todos\",\"UniPROF\"],\"inLanguage\":\"pt-BR\",\"potentialAction\":[{\"@type\":\"CommentAction\",\"name\":\"Comment\",\"target\":[\"https:\/\/uniprof.com.br\/blog\/aumente-sua-renda\/#respond\"]}]},{\"@type\":\"WebPage\",\"@id\":\"https:\/\/uniprof.com.br\/blog\/aumente-sua-renda\/\",\"url\":\"https:\/\/uniprof.com.br\/blog\/aumente-sua-renda\/\",\"name\":\"3 dicas f\u00e1ceis para aumentar sua renda e fugir do desemprego\",\"isPartOf\":{\"@id\":\"https:\/\/uniprof.com.br\/blog\/#website\"},\"primaryImageOfPage\":{\"@id\":\"https:\/\/uniprof.com.br\/blog\/aumente-sua-renda\/#primaryimage\"},\"image\":{\"@id\":\"https:\/\/uniprof.com.br\/blog\/aumente-sua-renda\/#primaryimage\"},\"thumbnailUrl\":\"https:\/\/uniprof.com.br\/blog\/wp-content\/uploads\/2021\/05\/aumente-sua-renda.png\",\"datePublished\":\"2021-05-19T19:25:59+00:00\",\"dateModified\":\"2021-10-06T20:19:27+00:00\",\"description\":\"O empreendedorismo ganha cada vez mais mais espa\u00e7o entre os brasileiros como forma de aumentar a renda e fugir do desemprego no Brasil.\",\"breadcrumb\":{\"@id\":\"https:\/\/uniprof.com.br\/blog\/aumente-sua-renda\/#breadcrumb\"},\"inLanguage\":\"pt-BR\",\"potentialAction\":[{\"@type\":\"ReadAction\",\"target\":[\"https:\/\/uniprof.com.br\/blog\/aumente-sua-renda\/\"]}]},{\"@type\":\"ImageObject\",\"inLanguage\":\"pt-BR\",\"@id\":\"https:\/\/uniprof.com.br\/blog\/aumente-sua-renda\/#primaryimage\",\"url\":\"https:\/\/uniprof.com.br\/blog\/wp-content\/uploads\/2021\/05\/aumente-sua-renda.png\",\"contentUrl\":\"https:\/\/uniprof.com.br\/blog\/wp-content\/uploads\/2021\/05\/aumente-sua-renda.png\",\"width\":2240,\"height\":1260},{\"@type\":\"BreadcrumbList\",\"@id\":\"https:\/\/uniprof.com.br\/blog\/aumente-sua-renda\/#breadcrumb\",\"itemListElement\":[{\"@type\":\"ListItem\",\"position\":1,\"name\":\"In\u00edcio\",\"item\":\"https:\/\/uniprof.com.br\/blog\/\"},{\"@type\":\"ListItem\",\"position\":2,\"name\":\"3 dicas f\u00e1ceis para aumentar sua renda e fugir do desemprego\"}]},{\"@type\":\"WebSite\",\"@id\":\"https:\/\/uniprof.com.br\/blog\/#website\",\"url\":\"https:\/\/uniprof.com.br\/blog\/\",\"name\":\"UniPROF | Novidades, estudos e atualiza\u00e7\u00f5es\",\"description\":\"\",\"publisher\":{\"@id\":\"https:\/\/uniprof.com.br\/blog\/#organization\"},\"potentialAction\":[{\"@type\":\"SearchAction\",\"target\":{\"@type\":\"EntryPoint\",\"urlTemplate\":\"https:\/\/uniprof.com.br\/blog\/?s={search_term_string}\"},\"query-input\":{\"@type\":\"PropertyValueSpecification\",\"valueRequired\":true,\"valueName\":\"search_term_string\"}}],\"inLanguage\":\"pt-BR\"},{\"@type\":\"Organization\",\"@id\":\"https:\/\/uniprof.com.br\/blog\/#organization\",\"name\":\"UniPROF\",\"url\":\"https:\/\/uniprof.com.br\/blog\/\",\"logo\":{\"@type\":\"ImageObject\",\"inLanguage\":\"pt-BR\",\"@id\":\"https:\/\/uniprof.com.br\/blog\/#\/schema\/logo\/image\/\",\"url\":\"https:\/\/uniprof.com.br\/blog\/wp-content\/uploads\/2026\/01\/cropped-cropped-3.png\",\"contentUrl\":\"https:\/\/uniprof.com.br\/blog\/wp-content\/uploads\/2026\/01\/cropped-cropped-3.png\",\"width\":512,\"height\":512,\"caption\":\"UniPROF\"},\"image\":{\"@id\":\"https:\/\/uniprof.com.br\/blog\/#\/schema\/logo\/image\/\"},\"sameAs\":[\"https:\/\/www.facebook.com\/uniprof.oficial\",\"https:\/\/www.instagram.com\/uniprof.oficial\",\"https:\/\/www.linkedin.com\/company\/escolauniprof\/\",\"https:\/\/www.youtube.com\/@uniprof.oficial\",\"https:\/\/www.linkedin.com\/company\/uniprofoficial\/?viewAsMember=true\"]},{\"@type\":\"Person\",\"@id\":\"https:\/\/uniprof.com.br\/blog\/#\/schema\/person\/11b8bb909f5c483ca0c5c3c62c58f2e4\",\"name\":\"Brenda Oliveira\",\"image\":{\"@type\":\"ImageObject\",\"inLanguage\":\"pt-BR\",\"@id\":\"https:\/\/uniprof.com.br\/blog\/#\/schema\/person\/image\/\",\"url\":\"https:\/\/secure.gravatar.com\/avatar\/dfffb02fade98f6c5a170865f71d634098385609c0e64f9cb6e455e419063802?s=96&d=mm&r=g\",\"contentUrl\":\"https:\/\/secure.gravatar.com\/avatar\/dfffb02fade98f6c5a170865f71d634098385609c0e64f9cb6e455e419063802?s=96&d=mm&r=g\",\"caption\":\"Brenda Oliveira\"}}]}<\/script>\n<!-- \/ Yoast SEO plugin. -->","yoast_head_json":{"title":"3 dicas f\u00e1ceis para aumentar sua renda e fugir do desemprego","description":"O empreendedorismo ganha cada vez mais mais espa\u00e7o entre os brasileiros como forma de aumentar a renda e fugir do desemprego no Brasil.","robots":{"index":"index","follow":"follow","max-snippet":"max-snippet:-1","max-image-preview":"max-image-preview:large","max-video-preview":"max-video-preview:-1"},"canonical":"https:\/\/uniprof.com.br\/blog\/aumente-sua-renda\/","og_locale":"pt_BR","og_type":"article","og_title":"3 dicas f\u00e1ceis para aumentar sua renda e fugir do desemprego","og_description":"O empreendedorismo ganha cada vez mais mais espa\u00e7o entre os brasileiros como forma de aumentar a renda e fugir do desemprego no Brasil.","og_url":"https:\/\/uniprof.com.br\/blog\/aumente-sua-renda\/","og_site_name":"UniPROF | Novidades, estudos e atualiza\u00e7\u00f5es","article_publisher":"https:\/\/www.facebook.com\/uniprof.oficial","article_published_time":"2021-05-19T19:25:59+00:00","article_modified_time":"2021-10-06T20:19:27+00:00","og_image":[{"width":2240,"height":1260,"url":"https:\/\/uniprof.com.br\/blog\/wp-content\/uploads\/2021\/05\/aumente-sua-renda.png","type":"image\/png"}],"author":"Brenda Oliveira","twitter_card":"summary_large_image","twitter_misc":{"Escrito por":"Brenda Oliveira","Est. tempo de leitura":"4 minutos"},"schema":{"@context":"https:\/\/schema.org","@graph":[{"@type":"Article","@id":"https:\/\/uniprof.com.br\/blog\/aumente-sua-renda\/#article","isPartOf":{"@id":"https:\/\/uniprof.com.br\/blog\/aumente-sua-renda\/"},"author":{"name":"Brenda Oliveira","@id":"https:\/\/uniprof.com.br\/blog\/#\/schema\/person\/11b8bb909f5c483ca0c5c3c62c58f2e4"},"headline":"3 dicas f\u00e1ceis para aumentar sua renda e fugir do desemprego","datePublished":"2021-05-19T19:25:59+00:00","dateModified":"2021-10-06T20:19:27+00:00","mainEntityOfPage":{"@id":"https:\/\/uniprof.com.br\/blog\/aumente-sua-renda\/"},"wordCount":558,"commentCount":0,"publisher":{"@id":"https:\/\/uniprof.com.br\/blog\/#organization"},"image":{"@id":"https:\/\/uniprof.com.br\/blog\/aumente-sua-renda\/#primaryimage"},"thumbnailUrl":"https:\/\/uniprof.com.br\/blog\/wp-content\/uploads\/2021\/05\/aumente-sua-renda.png","keywords":["cursos profissionalizantes","desemprego","planejamento","renda","UniPROF"],"articleSection":["Educa\u00e7\u00e3o","Todos","UniPROF"],"inLanguage":"pt-BR","potentialAction":[{"@type":"CommentAction","name":"Comment","target":["https:\/\/uniprof.com.br\/blog\/aumente-sua-renda\/#respond"]}]},{"@type":"WebPage","@id":"https:\/\/uniprof.com.br\/blog\/aumente-sua-renda\/","url":"https:\/\/uniprof.com.br\/blog\/aumente-sua-renda\/","name":"3 dicas f\u00e1ceis para aumentar sua renda e fugir do desemprego","isPartOf":{"@id":"https:\/\/uniprof.com.br\/blog\/#website"},"primaryImageOfPage":{"@id":"https:\/\/uniprof.com.br\/blog\/aumente-sua-renda\/#primaryimage"},"image":{"@id":"https:\/\/uniprof.com.br\/blog\/aumente-sua-renda\/#primaryimage"},"thumbnailUrl":"https:\/\/uniprof.com.br\/blog\/wp-content\/uploads\/2021\/05\/aumente-sua-renda.png","datePublished":"2021-05-19T19:25:59+00:00","dateModified":"2021-10-06T20:19:27+00:00","description":"O empreendedorismo ganha cada vez mais mais espa\u00e7o entre os brasileiros como forma de aumentar a renda e fugir do desemprego no Brasil.","breadcrumb":{"@id":"https:\/\/uniprof.com.br\/blog\/aumente-sua-renda\/#breadcrumb"},"inLanguage":"pt-BR","potentialAction":[{"@type":"ReadAction","target":["https:\/\/uniprof.com.br\/blog\/aumente-sua-renda\/"]}]},{"@type":"ImageObject","inLanguage":"pt-BR","@id":"https:\/\/uniprof.com.br\/blog\/aumente-sua-renda\/#primaryimage","url":"https:\/\/uniprof.com.br\/blog\/wp-content\/uploads\/2021\/05\/aumente-sua-renda.png","contentUrl":"https:\/\/uniprof.com.br\/blog\/wp-content\/uploads\/2021\/05\/aumente-sua-renda.png","width":2240,"height":1260},{"@type":"BreadcrumbList","@id":"https:\/\/uniprof.com.br\/blog\/aumente-sua-renda\/#breadcrumb","itemListElement":[{"@type":"ListItem","position":1,"name":"In\u00edcio","item":"https:\/\/uniprof.com.br\/blog\/"},{"@type":"ListItem","position":2,"name":"3 dicas f\u00e1ceis para aumentar sua renda e fugir do desemprego"}]},{"@type":"WebSite","@id":"https:\/\/uniprof.com.br\/blog\/#website","url":"https:\/\/uniprof.com.br\/blog\/","name":"UniPROF | Novidades, estudos e atualiza\u00e7\u00f5es","description":"","publisher":{"@id":"https:\/\/uniprof.com.br\/blog\/#organization"},"potentialAction":[{"@type":"SearchAction","target":{"@type":"EntryPoint","urlTemplate":"https:\/\/uniprof.com.br\/blog\/?s={search_term_string}"},"query-input":{"@type":"PropertyValueSpecification","valueRequired":true,"valueName":"search_term_string"}}],"inLanguage":"pt-BR"},{"@type":"Organization","@id":"https:\/\/uniprof.com.br\/blog\/#organization","name":"UniPROF","url":"https:\/\/uniprof.com.br\/blog\/","logo":{"@type":"ImageObject","inLanguage":"pt-BR","@id":"https:\/\/uniprof.com.br\/blog\/#\/schema\/logo\/image\/","url":"https:\/\/uniprof.com.br\/blog\/wp-content\/uploads\/2026\/01\/cropped-cropped-3.png","contentUrl":"https:\/\/uniprof.com.br\/blog\/wp-content\/uploads\/2026\/01\/cropped-cropped-3.png","width":512,"height":512,"caption":"UniPROF"},"image":{"@id":"https:\/\/uniprof.com.br\/blog\/#\/schema\/logo\/image\/"},"sameAs":["https:\/\/www.facebook.com\/uniprof.oficial","https:\/\/www.instagram.com\/uniprof.oficial","https:\/\/www.linkedin.com\/company\/escolauniprof\/","https:\/\/www.youtube.com\/@uniprof.oficial","https:\/\/www.linkedin.com\/company\/uniprofoficial\/?viewAsMember=true"]},{"@type":"Person","@id":"https:\/\/uniprof.com.br\/blog\/#\/schema\/person\/11b8bb909f5c483ca0c5c3c62c58f2e4","name":"Brenda Oliveira","image":{"@type":"ImageObject","inLanguage":"pt-BR","@id":"https:\/\/uniprof.com.br\/blog\/#\/schema\/person\/image\/","url":"https:\/\/secure.gravatar.com\/avatar\/dfffb02fade98f6c5a170865f71d634098385609c0e64f9cb6e455e419063802?s=96&d=mm&r=g","contentUrl":"https:\/\/secure.gravatar.com\/avatar\/dfffb02fade98f6c5a170865f71d634098385609c0e64f9cb6e455e419063802?s=96&d=mm&r=g","caption":"Brenda Oliveira"}}]}},"_links":{"self":[{"href":"https:\/\/uniprof.com.br\/blog\/wp-json\/wp\/v2\/posts\/364","targetHints":{"allow":["GET"]}}],"collection":[{"href":"https:\/\/uniprof.com.br\/blog\/wp-json\/wp\/v2\/posts"}],"about":[{"href":"https:\/\/uniprof.com.br\/blog\/wp-json\/wp\/v2\/types\/post"}],"author":[{"embeddable":true,"href":"https:\/\/uniprof.com.br\/blog\/wp-json\/wp\/v2\/users\/3"}],"replies":[{"embeddable":true,"href":"https:\/\/uniprof.com.br\/blog\/wp-json\/wp\/v2\/comments?post=364"}],"version-history":[{"count":4,"href":"https:\/\/uniprof.com.br\/blog\/wp-json\/wp\/v2\/posts\/364\/revisions"}],"predecessor-version":[{"id":747,"href":"https:\/\/uniprof.com.br\/blog\/wp-json\/wp\/v2\/posts\/364\/revisions\/747"}],"wp:featuredmedia":[{"embeddable":true,"href":"https:\/\/uniprof.com.br\/blog\/wp-json\/wp\/v2\/media\/395"}],"wp:attachment":[{"href":"https:\/\/uniprof.com.br\/blog\/wp-json\/wp\/v2\/media?parent=364"}],"wp:term":[{"taxonomy":"category","embeddable":true,"href":"https:\/\/uniprof.com.br\/blog\/wp-json\/wp\/v2\/categories?post=364"},{"taxonomy":"post_tag","embeddable":true,"href":"https:\/\/uniprof.com.br\/blog\/wp-json\/wp\/v2\/tags?post=364"}],"curies":[{"name":"wp","href":"https:\/\/api.w.org\/{rel}","templated":true}]}}