{"id":367,"date":"2021-05-19T16:31:38","date_gmt":"2021-05-19T19:31:38","guid":{"rendered":"https:\/\/uniprof.com.br\/qas-blog\/curso-profissionalizante-mudar-vida\/"},"modified":"2021-10-06T20:19:27","modified_gmt":"2021-10-06T20:19:27","slug":"curso-profissionalizante-mudar-vida","status":"publish","type":"post","link":"https:\/\/uniprof.com.br\/blog\/curso-profissionalizante-mudar-vida\/","title":{"rendered":"Por que um curso profissionalizante pode mudar minha vida?"},"content":{"rendered":"<div id=\"bsf_rt_marker\"><\/div>\n<p>Hoje em dia, as empresas exigem cada vez mais que os profissionais tenham a devida qualifica\u00e7\u00e3o, e entendemos que nem todos possuem as condi\u00e7\u00f5es financeiras necess\u00e1rias para isso.&nbsp;<\/p>\n\n\n\n<p>Por\u00e9m, um <a href=\"https:\/\/uniprof.com.br\/cursos\/?utm_source=blog&amp;utm_medium=artigo&amp;utm_campaign=blog&amp;utm_term=curso_profissionalizante\">curso profissionalizante<\/a> j\u00e1 \u00e9 um diferencial que pode te destacar no mercado, e te abrir portas para novas oportunidades.&nbsp;<\/p>\n\n\n\n<p>Diferente do que alguns pensam, o curso profissionalizante n\u00e3o vai determinar um \u00fanico emprego ou profiss\u00e3o a ser exercido pelo resto da vida, na verdade, nenhum curso de gradua\u00e7\u00e3o tem esse poder.&nbsp;<\/p>\n\n\n\n<p>Entende-se como o atual cen\u00e1rio do pa\u00eds, em rela\u00e7\u00e3o ao desemprego, est\u00e1, e por isso \u00e9 t\u00e3o importante qualificar-se.&nbsp;<\/p>\n\n\n\n<p>Abaixo, separamos alguns dos motivos para fazer um curso profissionalizante ainda hoje:&nbsp;<\/p>\n\n\n\n<h2 class=\"wp-block-heading\"><strong>Facilita a entrada no primeiro emprego<\/strong><\/h2>\n\n\n\n<p>Geralmente, os cursos profissionalizantes t\u00eam de 3 a 40 horas, em sua carga hor\u00e1ria total, diferente dos cursos t\u00e9cnicos ou superiores (que s\u00e3o de 1200 a 7200 horas).<\/p>\n\n\n\n<p>Isso significa que o curso profissionalizante oferece a voc\u00ea uma <strong>melhor mobilidade<\/strong>, podendo fazer diversos cursos, realizar os mais diferentes trabalhos e tudo isso com agilidade.<\/p>\n\n\n\n<p>O mercado hoje est\u00e1 muito competitivo, ent\u00e3o qualquer destaque ou diferencial que voc\u00ea tiver vai ser positivo, e o curso profissionalizante se mostra como uma alternativa ideal.<\/p>\n\n\n\n<h2 class=\"wp-block-heading\"><strong>Investimentos acess\u00edveis<\/strong><\/h2>\n\n\n\n<p>O curso profissionalizante, al\u00e9m de r\u00e1pido e com qualidade, apresenta investimentos acess\u00edveis, pois os cursos t\u00e9cnicos ou superiores costumam ser caros, ent\u00e3o essa \u00e9 a sua outra vantagem.<\/p>\n\n\n\n<p>Alguns programas de incentivo \u00e0 educa\u00e7\u00e3o oferecem cursos gratuitos, por\u00e9m com uma disposi\u00e7\u00e3o menor de variedade de temas.<\/p>\n\n\n\n<p>Com o advento da pandemia, a educa\u00e7\u00e3o precisou se adequar totalmente ao formato digital, mesmo que a gente j\u00e1 tenha uma experi\u00eancia \u00e0 dist\u00e2ncia, hoje esse formato \u00e9 integral.<\/p>\n\n\n\n<p>Logo, os <a href=\"https:\/\/uniprof.com.br\/cursos\/\">cursos prof<\/a><a href=\"https:\/\/uniprof.com.br\/cursos\/?utm_source=blog&amp;utm_medium=artigo&amp;utm_campaign=blog&amp;utm_term=curso_profissionalizante\">issionalizantes<\/a> podem ser realizados de maneira virtual, ou, no caso de alguns estados do pa\u00eds, semipresencial, tornando o pre\u00e7o ainda mais acess\u00edvel do que j\u00e1 \u00e9.<\/p>\n\n\n\n<h2 class=\"wp-block-heading\"><strong>Ensino personalizado com base na necessidade do aluno<\/strong><\/h2>\n\n\n\n<p>Em turmas muito grandes, os alunos n\u00e3o costumam aprender de verdade, pois com a interfer\u00eancia de diversos estudantes ao mesmo tempo esse aprendizado est\u00e1 comprometido.<\/p>\n\n\n\n<p>Isso n\u00e3o ocorre com o curso profissionalizante, pois nesse caso os cursos t\u00eam turmas menores, e os professores s\u00e3o instru\u00eddos a orientar cada aluno com base na sua necessidade.<\/p>\n\n\n\n<p>Esse aluno com certeza sair\u00e1 do curso com a habilidade t\u00e9cnica necess\u00e1ria para exercer a sua profiss\u00e3o.<\/p>\n\n\n\n<h2 class=\"wp-block-heading\"><strong>Voc\u00ea entende a profiss\u00e3o de forma pr\u00e1tica<\/strong><\/h2>\n\n\n\n<p>Por fim, a \u00faltima vantagem trazida acerca do curso profissionalizante \u00e9 que ele te oferece um entendimento mais amplo da profiss\u00e3o, vis\u00e3o essa que n\u00e3o temos no ensino m\u00e9dio, por exemplo.<\/p>\n\n\n\n<p>Quando voc\u00ea faz um curso profissionalizante, \u00e9 poss\u00edvel conhecer melhor a parte pr\u00e1tica dessa profiss\u00e3o.<\/p>\n\n\n\n<p>E para encontrar boas ofertas de cursos profissionalizantes, com valores acess\u00edveis a todos os p\u00fablicos, acesse agora o site da <a href=\"https:\/\/uniprof.com.br\/?utm_source=blog&amp;utm_medium=artigo&amp;utm_campaign=blog&amp;utm_term=curso_profissionalizante\">UniPROF<\/a>, a plataforma que oferece as mais diversas alternativas de cursos profissionalizantes. <\/p>\n\n\n\n<div class=\"wp-block-image\"><figure class=\"aligncenter size-large\"><a href=\"https:\/\/uniprof.com.br\/cursos\/?utm_source=blog&amp;utm_medium=banner&amp;utm_campaign=blog&amp;utm_term=curso_profissionalizante\"><img fetchpriority=\"high\" decoding=\"async\" width=\"750\" height=\"200\" src=\"https:\/\/blog.uniprof.com.br\/wp-content\/uploads\/2021\/07\/Use-o-cupom-UNIPROF2021-e-ganhe-5-de-desconto-4.png\" alt=\"\" class=\"wp-image-742\" srcset=\"https:\/\/uniprof.com.br\/blog\/wp-content\/uploads\/2021\/07\/Use-o-cupom-UNIPROF2021-e-ganhe-5-de-desconto-4.png 750w, https:\/\/uniprof.com.br\/blog\/wp-content\/uploads\/2021\/07\/Use-o-cupom-UNIPROF2021-e-ganhe-5-de-desconto-4-300x80.png 300w\" sizes=\"(max-width: 750px) 100vw, 750px\" \/><\/a><\/figure><\/div>\n\n\n\n<ul class=\"wp-block-social-links is-layout-flex wp-block-social-links-is-layout-flex\">\n\n<li class=\"wp-social-link wp-social-link-facebook  wp-block-social-link\"><a href=\"https:\/\/www.facebook.com\/Universidadedaprofissao\/\" class=\"wp-block-social-link-anchor\"><svg width=\"24\" height=\"24\" viewBox=\"0 0 24 24\" version=\"1.1\" xmlns=\"http:\/\/www.w3.org\/2000\/svg\" aria-hidden=\"true\" focusable=\"false\"><path d=\"M12 2C6.5 2 2 6.5 2 12c0 5 3.7 9.1 8.4 9.9v-7H7.9V12h2.5V9.8c0-2.5 1.5-3.9 3.8-3.9 1.1 0 2.2.2 2.2.2v2.5h-1.3c-1.2 0-1.6.8-1.6 1.6V12h2.8l-.4 2.9h-2.3v7C18.3 21.1 22 17 22 12c0-5.5-4.5-10-10-10z\"><\/path><\/svg><span class=\"wp-block-social-link-label screen-reader-text\">Facebook<\/span><\/a><\/li>\n\n\n\n<li class=\"wp-social-link wp-social-link-instagram  wp-block-social-link\"><a href=\"https:\/\/www.instagram.com\/universidadedaprofissao\/\" class=\"wp-block-social-link-anchor\"><svg width=\"24\" height=\"24\" viewBox=\"0 0 24 24\" version=\"1.1\" xmlns=\"http:\/\/www.w3.org\/2000\/svg\" aria-hidden=\"true\" focusable=\"false\"><path d=\"M12,4.622c2.403,0,2.688,0.009,3.637,0.052c0.877,0.04,1.354,0.187,1.671,0.31c0.42,0.163,0.72,0.358,1.035,0.673 c0.315,0.315,0.51,0.615,0.673,1.035c0.123,0.317,0.27,0.794,0.31,1.671c0.043,0.949,0.052,1.234,0.052,3.637 s-0.009,2.688-0.052,3.637c-0.04,0.877-0.187,1.354-0.31,1.671c-0.163,0.42-0.358,0.72-0.673,1.035 c-0.315,0.315-0.615,0.51-1.035,0.673c-0.317,0.123-0.794,0.27-1.671,0.31c-0.949,0.043-1.233,0.052-3.637,0.052 s-2.688-0.009-3.637-0.052c-0.877-0.04-1.354-0.187-1.671-0.31c-0.42-0.163-0.72-0.358-1.035-0.673 c-0.315-0.315-0.51-0.615-0.673-1.035c-0.123-0.317-0.27-0.794-0.31-1.671C4.631,14.688,4.622,14.403,4.622,12 s0.009-2.688,0.052-3.637c0.04-0.877,0.187-1.354,0.31-1.671c0.163-0.42,0.358-0.72,0.673-1.035 c0.315-0.315,0.615-0.51,1.035-0.673c0.317-0.123,0.794-0.27,1.671-0.31C9.312,4.631,9.597,4.622,12,4.622 M12,3 C9.556,3,9.249,3.01,8.289,3.054C7.331,3.098,6.677,3.25,6.105,3.472C5.513,3.702,5.011,4.01,4.511,4.511 c-0.5,0.5-0.808,1.002-1.038,1.594C3.25,6.677,3.098,7.331,3.054,8.289C3.01,9.249,3,9.556,3,12c0,2.444,0.01,2.751,0.054,3.711 c0.044,0.958,0.196,1.612,0.418,2.185c0.23,0.592,0.538,1.094,1.038,1.594c0.5,0.5,1.002,0.808,1.594,1.038 c0.572,0.222,1.227,0.375,2.185,0.418C9.249,20.99,9.556,21,12,21s2.751-0.01,3.711-0.054c0.958-0.044,1.612-0.196,2.185-0.418 c0.592-0.23,1.094-0.538,1.594-1.038c0.5-0.5,0.808-1.002,1.038-1.594c0.222-0.572,0.375-1.227,0.418-2.185 C20.99,14.751,21,14.444,21,12s-0.01-2.751-0.054-3.711c-0.044-0.958-0.196-1.612-0.418-2.185c-0.23-0.592-0.538-1.094-1.038-1.594 c-0.5-0.5-1.002-0.808-1.594-1.038c-0.572-0.222-1.227-0.375-2.185-0.418C14.751,3.01,14.444,3,12,3L12,3z M12,7.378 c-2.552,0-4.622,2.069-4.622,4.622S9.448,16.622,12,16.622s4.622-2.069,4.622-4.622S14.552,7.378,12,7.378z M12,15 c-1.657,0-3-1.343-3-3s1.343-3,3-3s3,1.343,3,3S13.657,15,12,15z M16.804,6.116c-0.596,0-1.08,0.484-1.08,1.08 s0.484,1.08,1.08,1.08c0.596,0,1.08-0.484,1.08-1.08S17.401,6.116,16.804,6.116z\"><\/path><\/svg><span class=\"wp-block-social-link-label screen-reader-text\">Instagram<\/span><\/a><\/li>\n\n<li class=\"wp-social-link wp-social-link-linkedin  wp-block-social-link\"><a href=\"https:\/\/www.linkedin.com\/company\/escolauniprof\/\" class=\"wp-block-social-link-anchor\"><svg width=\"24\" height=\"24\" viewBox=\"0 0 24 24\" version=\"1.1\" xmlns=\"http:\/\/www.w3.org\/2000\/svg\" aria-hidden=\"true\" focusable=\"false\"><path d=\"M19.7,3H4.3C3.582,3,3,3.582,3,4.3v15.4C3,20.418,3.582,21,4.3,21h15.4c0.718,0,1.3-0.582,1.3-1.3V4.3 C21,3.582,20.418,3,19.7,3z M8.339,18.338H5.667v-8.59h2.672V18.338z M7.004,8.574c-0.857,0-1.549-0.694-1.549-1.548 c0-0.855,0.691-1.548,1.549-1.548c0.854,0,1.547,0.694,1.547,1.548C8.551,7.881,7.858,8.574,7.004,8.574z M18.339,18.338h-2.669 v-4.177c0-0.996-0.017-2.278-1.387-2.278c-1.389,0-1.601,1.086-1.601,2.206v4.249h-2.667v-8.59h2.559v1.174h0.037 c0.356-0.675,1.227-1.387,2.526-1.387c2.703,0,3.203,1.779,3.203,4.092V18.338z\"><\/path><\/svg><span class=\"wp-block-social-link-label screen-reader-text\">LinkedIn<\/span><\/a><\/li>\n\n<\/ul>\n","protected":false},"excerpt":{"rendered":"<p>Hoje em dia, as empresas exigem cada vez mais que os profissionais tenham a devida qualifica\u00e7\u00e3o, e entendemos que nem [&hellip;]<\/p>\n","protected":false},"author":3,"featured_media":396,"comment_status":"open","ping_status":"open","sticky":false,"template":"","format":"standard","meta":{"site-sidebar-layout":"default","site-content-layout":"","ast-site-content-layout":"default","site-content-style":"default","site-sidebar-style":"default","ast-global-header-display":"","ast-banner-title-visibility":"","ast-main-header-display":"","ast-hfb-above-header-display":"","ast-hfb-below-header-display":"","ast-hfb-mobile-header-display":"","site-post-title":"","ast-breadcrumbs-content":"","ast-featured-img":"","footer-sml-layout":"","ast-disable-related-posts":"","theme-transparent-header-meta":"","adv-header-id-meta":"","stick-header-meta":"","header-above-stick-meta":"","header-main-stick-meta":"","header-below-stick-meta":"","astra-migrate-meta-layouts":"default","ast-page-background-enabled":"default","ast-page-background-meta":{"desktop":{"background-color":"var(--ast-global-color-5)","background-image":"","background-repeat":"repeat","background-position":"center center","background-size":"auto","background-attachment":"scroll","background-type":"","background-media":"","overlay-type":"","overlay-color":"","overlay-opacity":"","overlay-gradient":""},"tablet":{"background-color":"","background-image":"","background-repeat":"repeat","background-position":"center center","background-size":"auto","background-attachment":"scroll","background-type":"","background-media":"","overlay-type":"","overlay-color":"","overlay-opacity":"","overlay-gradient":""},"mobile":{"background-color":"","background-image":"","background-repeat":"repeat","background-position":"center center","background-size":"auto","background-attachment":"scroll","background-type":"","background-media":"","overlay-type":"","overlay-color":"","overlay-opacity":"","overlay-gradient":""}},"ast-content-background-meta":{"desktop":{"background-color":"var(--ast-global-color-4)","background-image":"","background-repeat":"repeat","background-position":"center center","background-size":"auto","background-attachment":"scroll","background-type":"","background-media":"","overlay-type":"","overlay-color":"","overlay-opacity":"","overlay-gradient":""},"tablet":{"background-color":"var(--ast-global-color-4)","background-image":"","background-repeat":"repeat","background-position":"center center","background-size":"auto","background-attachment":"scroll","background-type":"","background-media":"","overlay-type":"","overlay-color":"","overlay-opacity":"","overlay-gradient":""},"mobile":{"background-color":"var(--ast-global-color-4)","background-image":"","background-repeat":"repeat","background-position":"center center","background-size":"auto","background-attachment":"scroll","background-type":"","background-media":"","overlay-type":"","overlay-color":"","overlay-opacity":"","overlay-gradient":""}},"footnotes":""},"categories":[20,92],"tags":[35,36,38,39,24],"class_list":["post-367","post","type-post","status-publish","format-standard","has-post-thumbnail","hentry","category-educacao-continuada","category-todos","tag-carga-horaria","tag-curso-profissionalizante","tag-investimento-acessivel","tag-primeiro-emprego","tag-uniprof"],"yoast_head":"<!-- This site is optimized with the Yoast SEO plugin v26.8 - https:\/\/yoast.com\/product\/yoast-seo-wordpress\/ -->\n<title>Por que um curso profissionalizante pode mudar minha vida?<\/title>\n<meta name=\"description\" content=\"Com o o desemprego cada vez maior, \u00e9 necess\u00e1rio se especializar e qualificar para ter maior destaque no mercado de trabalho.\" \/>\n<meta name=\"robots\" content=\"index, follow, max-snippet:-1, max-image-preview:large, max-video-preview:-1\" \/>\n<link rel=\"canonical\" href=\"https:\/\/uniprof.com.br\/blog\/curso-profissionalizante-mudar-vida\/\" \/>\n<meta property=\"og:locale\" content=\"pt_BR\" \/>\n<meta property=\"og:type\" content=\"article\" \/>\n<meta property=\"og:title\" content=\"Por que um curso profissionalizante pode mudar minha vida?\" \/>\n<meta property=\"og:description\" content=\"Com o o desemprego cada vez maior, \u00e9 necess\u00e1rio se especializar e qualificar para ter maior destaque no mercado de trabalho.\" \/>\n<meta property=\"og:url\" content=\"https:\/\/uniprof.com.br\/blog\/curso-profissionalizante-mudar-vida\/\" \/>\n<meta property=\"og:site_name\" content=\"UniPROF | Novidades, estudos e atualiza\u00e7\u00f5es\" \/>\n<meta property=\"article:publisher\" content=\"https:\/\/www.facebook.com\/uniprof.oficial\" \/>\n<meta property=\"article:published_time\" content=\"2021-05-19T19:31:38+00:00\" \/>\n<meta property=\"article:modified_time\" content=\"2021-10-06T20:19:27+00:00\" \/>\n<meta property=\"og:image\" content=\"https:\/\/uniprof.com.br\/blog\/wp-content\/uploads\/2021\/05\/curso-profissionalizante-mudar-a-sua-vida.png\" \/>\n\t<meta property=\"og:image:width\" content=\"2240\" \/>\n\t<meta property=\"og:image:height\" content=\"1260\" \/>\n\t<meta property=\"og:image:type\" content=\"image\/png\" \/>\n<meta name=\"author\" content=\"Brenda Oliveira\" \/>\n<meta name=\"twitter:card\" content=\"summary_large_image\" \/>\n<meta name=\"twitter:label1\" content=\"Escrito por\" \/>\n\t<meta name=\"twitter:data1\" content=\"Brenda Oliveira\" \/>\n\t<meta name=\"twitter:label2\" content=\"Est. tempo de leitura\" \/>\n\t<meta name=\"twitter:data2\" content=\"3 minutos\" \/>\n<script type=\"application\/ld+json\" class=\"yoast-schema-graph\">{\"@context\":\"https:\/\/schema.org\",\"@graph\":[{\"@type\":\"Article\",\"@id\":\"https:\/\/uniprof.com.br\/blog\/curso-profissionalizante-mudar-vida\/#article\",\"isPartOf\":{\"@id\":\"https:\/\/uniprof.com.br\/blog\/curso-profissionalizante-mudar-vida\/\"},\"author\":{\"name\":\"Brenda Oliveira\",\"@id\":\"https:\/\/uniprof.com.br\/blog\/#\/schema\/person\/11b8bb909f5c483ca0c5c3c62c58f2e4\"},\"headline\":\"Por que um curso profissionalizante pode mudar minha vida?\",\"datePublished\":\"2021-05-19T19:31:38+00:00\",\"dateModified\":\"2021-10-06T20:19:27+00:00\",\"mainEntityOfPage\":{\"@id\":\"https:\/\/uniprof.com.br\/blog\/curso-profissionalizante-mudar-vida\/\"},\"wordCount\":522,\"commentCount\":0,\"publisher\":{\"@id\":\"https:\/\/uniprof.com.br\/blog\/#organization\"},\"image\":{\"@id\":\"https:\/\/uniprof.com.br\/blog\/curso-profissionalizante-mudar-vida\/#primaryimage\"},\"thumbnailUrl\":\"https:\/\/uniprof.com.br\/blog\/wp-content\/uploads\/2021\/05\/curso-profissionalizante-mudar-a-sua-vida.png\",\"keywords\":[\"carga hor\u00e1ria\",\"curso profissionalizante\",\"investimento acess\u00edvel\",\"primeiro emprego\",\"UniPROF\"],\"articleSection\":[\"Educa\u00e7\u00e3o\",\"Todos\"],\"inLanguage\":\"pt-BR\",\"potentialAction\":[{\"@type\":\"CommentAction\",\"name\":\"Comment\",\"target\":[\"https:\/\/uniprof.com.br\/blog\/curso-profissionalizante-mudar-vida\/#respond\"]}]},{\"@type\":\"WebPage\",\"@id\":\"https:\/\/uniprof.com.br\/blog\/curso-profissionalizante-mudar-vida\/\",\"url\":\"https:\/\/uniprof.com.br\/blog\/curso-profissionalizante-mudar-vida\/\",\"name\":\"Por que um curso profissionalizante pode mudar minha vida?\",\"isPartOf\":{\"@id\":\"https:\/\/uniprof.com.br\/blog\/#website\"},\"primaryImageOfPage\":{\"@id\":\"https:\/\/uniprof.com.br\/blog\/curso-profissionalizante-mudar-vida\/#primaryimage\"},\"image\":{\"@id\":\"https:\/\/uniprof.com.br\/blog\/curso-profissionalizante-mudar-vida\/#primaryimage\"},\"thumbnailUrl\":\"https:\/\/uniprof.com.br\/blog\/wp-content\/uploads\/2021\/05\/curso-profissionalizante-mudar-a-sua-vida.png\",\"datePublished\":\"2021-05-19T19:31:38+00:00\",\"dateModified\":\"2021-10-06T20:19:27+00:00\",\"description\":\"Com o o desemprego cada vez maior, \u00e9 necess\u00e1rio se especializar e qualificar para ter maior destaque no mercado de trabalho.\",\"breadcrumb\":{\"@id\":\"https:\/\/uniprof.com.br\/blog\/curso-profissionalizante-mudar-vida\/#breadcrumb\"},\"inLanguage\":\"pt-BR\",\"potentialAction\":[{\"@type\":\"ReadAction\",\"target\":[\"https:\/\/uniprof.com.br\/blog\/curso-profissionalizante-mudar-vida\/\"]}]},{\"@type\":\"ImageObject\",\"inLanguage\":\"pt-BR\",\"@id\":\"https:\/\/uniprof.com.br\/blog\/curso-profissionalizante-mudar-vida\/#primaryimage\",\"url\":\"https:\/\/uniprof.com.br\/blog\/wp-content\/uploads\/2021\/05\/curso-profissionalizante-mudar-a-sua-vida.png\",\"contentUrl\":\"https:\/\/uniprof.com.br\/blog\/wp-content\/uploads\/2021\/05\/curso-profissionalizante-mudar-a-sua-vida.png\",\"width\":2240,\"height\":1260},{\"@type\":\"BreadcrumbList\",\"@id\":\"https:\/\/uniprof.com.br\/blog\/curso-profissionalizante-mudar-vida\/#breadcrumb\",\"itemListElement\":[{\"@type\":\"ListItem\",\"position\":1,\"name\":\"In\u00edcio\",\"item\":\"https:\/\/uniprof.com.br\/blog\/\"},{\"@type\":\"ListItem\",\"position\":2,\"name\":\"Por que um curso profissionalizante pode mudar minha vida?\"}]},{\"@type\":\"WebSite\",\"@id\":\"https:\/\/uniprof.com.br\/blog\/#website\",\"url\":\"https:\/\/uniprof.com.br\/blog\/\",\"name\":\"UniPROF | Novidades, estudos e atualiza\u00e7\u00f5es\",\"description\":\"\",\"publisher\":{\"@id\":\"https:\/\/uniprof.com.br\/blog\/#organization\"},\"potentialAction\":[{\"@type\":\"SearchAction\",\"target\":{\"@type\":\"EntryPoint\",\"urlTemplate\":\"https:\/\/uniprof.com.br\/blog\/?s={search_term_string}\"},\"query-input\":{\"@type\":\"PropertyValueSpecification\",\"valueRequired\":true,\"valueName\":\"search_term_string\"}}],\"inLanguage\":\"pt-BR\"},{\"@type\":\"Organization\",\"@id\":\"https:\/\/uniprof.com.br\/blog\/#organization\",\"name\":\"UniPROF\",\"url\":\"https:\/\/uniprof.com.br\/blog\/\",\"logo\":{\"@type\":\"ImageObject\",\"inLanguage\":\"pt-BR\",\"@id\":\"https:\/\/uniprof.com.br\/blog\/#\/schema\/logo\/image\/\",\"url\":\"https:\/\/uniprof.com.br\/blog\/wp-content\/uploads\/2026\/01\/cropped-cropped-3.png\",\"contentUrl\":\"https:\/\/uniprof.com.br\/blog\/wp-content\/uploads\/2026\/01\/cropped-cropped-3.png\",\"width\":512,\"height\":512,\"caption\":\"UniPROF\"},\"image\":{\"@id\":\"https:\/\/uniprof.com.br\/blog\/#\/schema\/logo\/image\/\"},\"sameAs\":[\"https:\/\/www.facebook.com\/uniprof.oficial\",\"https:\/\/www.instagram.com\/uniprof.oficial\",\"https:\/\/www.linkedin.com\/company\/escolauniprof\/\",\"https:\/\/www.youtube.com\/@uniprof.oficial\",\"https:\/\/www.linkedin.com\/company\/uniprofoficial\/?viewAsMember=true\"]},{\"@type\":\"Person\",\"@id\":\"https:\/\/uniprof.com.br\/blog\/#\/schema\/person\/11b8bb909f5c483ca0c5c3c62c58f2e4\",\"name\":\"Brenda Oliveira\",\"image\":{\"@type\":\"ImageObject\",\"inLanguage\":\"pt-BR\",\"@id\":\"https:\/\/uniprof.com.br\/blog\/#\/schema\/person\/image\/\",\"url\":\"https:\/\/secure.gravatar.com\/avatar\/dfffb02fade98f6c5a170865f71d634098385609c0e64f9cb6e455e419063802?s=96&d=mm&r=g\",\"contentUrl\":\"https:\/\/secure.gravatar.com\/avatar\/dfffb02fade98f6c5a170865f71d634098385609c0e64f9cb6e455e419063802?s=96&d=mm&r=g\",\"caption\":\"Brenda Oliveira\"}}]}<\/script>\n<!-- \/ Yoast SEO plugin. -->","yoast_head_json":{"title":"Por que um curso profissionalizante pode mudar minha vida?","description":"Com o o desemprego cada vez maior, \u00e9 necess\u00e1rio se especializar e qualificar para ter maior destaque no mercado de trabalho.","robots":{"index":"index","follow":"follow","max-snippet":"max-snippet:-1","max-image-preview":"max-image-preview:large","max-video-preview":"max-video-preview:-1"},"canonical":"https:\/\/uniprof.com.br\/blog\/curso-profissionalizante-mudar-vida\/","og_locale":"pt_BR","og_type":"article","og_title":"Por que um curso profissionalizante pode mudar minha vida?","og_description":"Com o o desemprego cada vez maior, \u00e9 necess\u00e1rio se especializar e qualificar para ter maior destaque no mercado de trabalho.","og_url":"https:\/\/uniprof.com.br\/blog\/curso-profissionalizante-mudar-vida\/","og_site_name":"UniPROF | Novidades, estudos e atualiza\u00e7\u00f5es","article_publisher":"https:\/\/www.facebook.com\/uniprof.oficial","article_published_time":"2021-05-19T19:31:38+00:00","article_modified_time":"2021-10-06T20:19:27+00:00","og_image":[{"width":2240,"height":1260,"url":"https:\/\/uniprof.com.br\/blog\/wp-content\/uploads\/2021\/05\/curso-profissionalizante-mudar-a-sua-vida.png","type":"image\/png"}],"author":"Brenda Oliveira","twitter_card":"summary_large_image","twitter_misc":{"Escrito por":"Brenda Oliveira","Est. tempo de leitura":"3 minutos"},"schema":{"@context":"https:\/\/schema.org","@graph":[{"@type":"Article","@id":"https:\/\/uniprof.com.br\/blog\/curso-profissionalizante-mudar-vida\/#article","isPartOf":{"@id":"https:\/\/uniprof.com.br\/blog\/curso-profissionalizante-mudar-vida\/"},"author":{"name":"Brenda Oliveira","@id":"https:\/\/uniprof.com.br\/blog\/#\/schema\/person\/11b8bb909f5c483ca0c5c3c62c58f2e4"},"headline":"Por que um curso profissionalizante pode mudar minha vida?","datePublished":"2021-05-19T19:31:38+00:00","dateModified":"2021-10-06T20:19:27+00:00","mainEntityOfPage":{"@id":"https:\/\/uniprof.com.br\/blog\/curso-profissionalizante-mudar-vida\/"},"wordCount":522,"commentCount":0,"publisher":{"@id":"https:\/\/uniprof.com.br\/blog\/#organization"},"image":{"@id":"https:\/\/uniprof.com.br\/blog\/curso-profissionalizante-mudar-vida\/#primaryimage"},"thumbnailUrl":"https:\/\/uniprof.com.br\/blog\/wp-content\/uploads\/2021\/05\/curso-profissionalizante-mudar-a-sua-vida.png","keywords":["carga hor\u00e1ria","curso profissionalizante","investimento acess\u00edvel","primeiro emprego","UniPROF"],"articleSection":["Educa\u00e7\u00e3o","Todos"],"inLanguage":"pt-BR","potentialAction":[{"@type":"CommentAction","name":"Comment","target":["https:\/\/uniprof.com.br\/blog\/curso-profissionalizante-mudar-vida\/#respond"]}]},{"@type":"WebPage","@id":"https:\/\/uniprof.com.br\/blog\/curso-profissionalizante-mudar-vida\/","url":"https:\/\/uniprof.com.br\/blog\/curso-profissionalizante-mudar-vida\/","name":"Por que um curso profissionalizante pode mudar minha vida?","isPartOf":{"@id":"https:\/\/uniprof.com.br\/blog\/#website"},"primaryImageOfPage":{"@id":"https:\/\/uniprof.com.br\/blog\/curso-profissionalizante-mudar-vida\/#primaryimage"},"image":{"@id":"https:\/\/uniprof.com.br\/blog\/curso-profissionalizante-mudar-vida\/#primaryimage"},"thumbnailUrl":"https:\/\/uniprof.com.br\/blog\/wp-content\/uploads\/2021\/05\/curso-profissionalizante-mudar-a-sua-vida.png","datePublished":"2021-05-19T19:31:38+00:00","dateModified":"2021-10-06T20:19:27+00:00","description":"Com o o desemprego cada vez maior, \u00e9 necess\u00e1rio se especializar e qualificar para ter maior destaque no mercado de trabalho.","breadcrumb":{"@id":"https:\/\/uniprof.com.br\/blog\/curso-profissionalizante-mudar-vida\/#breadcrumb"},"inLanguage":"pt-BR","potentialAction":[{"@type":"ReadAction","target":["https:\/\/uniprof.com.br\/blog\/curso-profissionalizante-mudar-vida\/"]}]},{"@type":"ImageObject","inLanguage":"pt-BR","@id":"https:\/\/uniprof.com.br\/blog\/curso-profissionalizante-mudar-vida\/#primaryimage","url":"https:\/\/uniprof.com.br\/blog\/wp-content\/uploads\/2021\/05\/curso-profissionalizante-mudar-a-sua-vida.png","contentUrl":"https:\/\/uniprof.com.br\/blog\/wp-content\/uploads\/2021\/05\/curso-profissionalizante-mudar-a-sua-vida.png","width":2240,"height":1260},{"@type":"BreadcrumbList","@id":"https:\/\/uniprof.com.br\/blog\/curso-profissionalizante-mudar-vida\/#breadcrumb","itemListElement":[{"@type":"ListItem","position":1,"name":"In\u00edcio","item":"https:\/\/uniprof.com.br\/blog\/"},{"@type":"ListItem","position":2,"name":"Por que um curso profissionalizante pode mudar minha vida?"}]},{"@type":"WebSite","@id":"https:\/\/uniprof.com.br\/blog\/#website","url":"https:\/\/uniprof.com.br\/blog\/","name":"UniPROF | Novidades, estudos e atualiza\u00e7\u00f5es","description":"","publisher":{"@id":"https:\/\/uniprof.com.br\/blog\/#organization"},"potentialAction":[{"@type":"SearchAction","target":{"@type":"EntryPoint","urlTemplate":"https:\/\/uniprof.com.br\/blog\/?s={search_term_string}"},"query-input":{"@type":"PropertyValueSpecification","valueRequired":true,"valueName":"search_term_string"}}],"inLanguage":"pt-BR"},{"@type":"Organization","@id":"https:\/\/uniprof.com.br\/blog\/#organization","name":"UniPROF","url":"https:\/\/uniprof.com.br\/blog\/","logo":{"@type":"ImageObject","inLanguage":"pt-BR","@id":"https:\/\/uniprof.com.br\/blog\/#\/schema\/logo\/image\/","url":"https:\/\/uniprof.com.br\/blog\/wp-content\/uploads\/2026\/01\/cropped-cropped-3.png","contentUrl":"https:\/\/uniprof.com.br\/blog\/wp-content\/uploads\/2026\/01\/cropped-cropped-3.png","width":512,"height":512,"caption":"UniPROF"},"image":{"@id":"https:\/\/uniprof.com.br\/blog\/#\/schema\/logo\/image\/"},"sameAs":["https:\/\/www.facebook.com\/uniprof.oficial","https:\/\/www.instagram.com\/uniprof.oficial","https:\/\/www.linkedin.com\/company\/escolauniprof\/","https:\/\/www.youtube.com\/@uniprof.oficial","https:\/\/www.linkedin.com\/company\/uniprofoficial\/?viewAsMember=true"]},{"@type":"Person","@id":"https:\/\/uniprof.com.br\/blog\/#\/schema\/person\/11b8bb909f5c483ca0c5c3c62c58f2e4","name":"Brenda Oliveira","image":{"@type":"ImageObject","inLanguage":"pt-BR","@id":"https:\/\/uniprof.com.br\/blog\/#\/schema\/person\/image\/","url":"https:\/\/secure.gravatar.com\/avatar\/dfffb02fade98f6c5a170865f71d634098385609c0e64f9cb6e455e419063802?s=96&d=mm&r=g","contentUrl":"https:\/\/secure.gravatar.com\/avatar\/dfffb02fade98f6c5a170865f71d634098385609c0e64f9cb6e455e419063802?s=96&d=mm&r=g","caption":"Brenda Oliveira"}}]}},"_links":{"self":[{"href":"https:\/\/uniprof.com.br\/blog\/wp-json\/wp\/v2\/posts\/367","targetHints":{"allow":["GET"]}}],"collection":[{"href":"https:\/\/uniprof.com.br\/blog\/wp-json\/wp\/v2\/posts"}],"about":[{"href":"https:\/\/uniprof.com.br\/blog\/wp-json\/wp\/v2\/types\/post"}],"author":[{"embeddable":true,"href":"https:\/\/uniprof.com.br\/blog\/wp-json\/wp\/v2\/users\/3"}],"replies":[{"embeddable":true,"href":"https:\/\/uniprof.com.br\/blog\/wp-json\/wp\/v2\/comments?post=367"}],"version-history":[{"count":2,"href":"https:\/\/uniprof.com.br\/blog\/wp-json\/wp\/v2\/posts\/367\/revisions"}],"predecessor-version":[{"id":749,"href":"https:\/\/uniprof.com.br\/blog\/wp-json\/wp\/v2\/posts\/367\/revisions\/749"}],"wp:featuredmedia":[{"embeddable":true,"href":"https:\/\/uniprof.com.br\/blog\/wp-json\/wp\/v2\/media\/396"}],"wp:attachment":[{"href":"https:\/\/uniprof.com.br\/blog\/wp-json\/wp\/v2\/media?parent=367"}],"wp:term":[{"taxonomy":"category","embeddable":true,"href":"https:\/\/uniprof.com.br\/blog\/wp-json\/wp\/v2\/categories?post=367"},{"taxonomy":"post_tag","embeddable":true,"href":"https:\/\/uniprof.com.br\/blog\/wp-json\/wp\/v2\/tags?post=367"}],"curies":[{"name":"wp","href":"https:\/\/api.w.org\/{rel}","templated":true}]}}