{"id":721,"date":"2021-07-07T19:14:43","date_gmt":"2021-07-07T19:14:43","guid":{"rendered":"https:\/\/blog.uniprof.com.br\/?p=721"},"modified":"2021-10-06T20:19:26","modified_gmt":"2021-10-06T20:19:26","slug":"conheca-a-uniprof","status":"publish","type":"post","link":"https:\/\/uniprof.com.br\/blog\/conheca-a-uniprof\/","title":{"rendered":"Conhe\u00e7a os motivos que impulsionaram a cria\u00e7\u00e3o da UniPROF"},"content":{"rendered":"<div id=\"bsf_rt_marker\"><\/div>\n<p>A UniPROF \u2013 A Universidade da Profiss\u00e3o, foi um sonho torto, que come\u00e7ou junto com a inquieta\u00e7\u00e3o de alguns profissionais. \u201cTorto, voc\u00ea diz?\u201d Sim, senta aqui comigo que te explico o porqu\u00ea.<\/p>\n\n\n\n<p><strong>Falamos tanto em \u201capag\u00e3o de profissionais\u201d, mas quem foi l\u00e1 e acendeu uma l\u00e2mpada que seja?<\/strong><\/p>\n\n\n\n<p>H\u00e1 tempos que falamos que o \u201cBrasil sofre um apag\u00e3o de profissionais\u201d.<\/p>\n\n\n\n<p>Na verdade, com exce\u00e7\u00e3o de alguns poucos pa\u00edses, o mundo vive uma profunda transforma\u00e7\u00e3o do paradigma da m\u00e3o-de-obra. A quarta revolu\u00e7\u00e3o industrial a qual vivemos tem alterado drasticamente as rela\u00e7\u00f5es de trabalho.<\/p>\n\n\n\n<p>Se antes era necess\u00e1rio \u00e0s empresas centenas de pessoas para servi\u00e7os operacionais, administrativos, hoje boa parte deste esfor\u00e7o tem sido automatizado.<\/p>\n\n\n\n<p><strong>Voc\u00ea j\u00e1 viu algum an\u00fancio, nos \u00faltimos dias, procurando datil\u00f3grafo? Nem em um escrit\u00f3rio vintage&#8230;<\/strong><\/p>\n\n\n\n<p>O apag\u00e3o j\u00e1 dura tantos anos, e enquanto sociedade, esperamos uma luz no fim do t\u00fanel. <\/p>\n\n\n\n<p>Uma solu\u00e7\u00e3o m\u00e1gica dos c\u00e9us, ou do Estado, que seria capaz de milagrosamente proporcionar m\u00e3o-de-obra qualificada como o nascer do sol.<\/p>\n\n\n\n<p>Amanh\u00e3, h\u00e1 de ser um novo dia, da mais pura alegria, que algu\u00e9m possa imaginar. Muita luz do sol, e muita m\u00e3o de obra qualificada.<\/p>\n\n\n\n<p>N\u00e3o, tal sonho n\u00e3o ocorrer\u00e1 por meio de m\u00e1gica. Nem dos c\u00e9us, nem do Estado.<\/p>\n\n\n\n<h2 class=\"wp-block-heading\"><strong>Por que este problema existe?<\/strong><\/h2>\n\n\n\n<div class=\"wp-block-image\"><figure class=\"aligncenter size-large is-resized\"><img fetchpriority=\"high\" decoding=\"async\" src=\"https:\/\/images.pexels.com\/photos\/842554\/pexels-photo-842554.jpeg?auto=compress&amp;cs=tinysrgb&amp;dpr=2&amp;h=650&amp;w=940\" alt=\"\" width=\"635\" height=\"419\"\/><\/figure><\/div>\n\n\n\n<p>Sim, concordamos que o \u201capag\u00e3o de m\u00e3o-de-obra qualificada\u201d \u00e9 um problema mundial. <\/p>\n\n\n\n<p>O avan\u00e7o da tecnologia, a defasagem dos curr\u00edculos educacionais e a incapacidade de conectar a realidade da escola com o mundo s\u00e3o alguns dos problemas.<\/p>\n\n\n\n<p>\u00c9 a \u201cescola\u201d que n\u00e3o educa corretamente, o \u201cEstado\u201d que n\u00e3o oferece condi\u00e7\u00f5es. N\u00e3o atribu\u00edmos essa responsabilidade a n\u00f3s mesmos. Uma l\u00e1stima!<\/p>\n\n\n\n<p>O problema existe porque ningu\u00e9m resolveu tratar seriamente a quest\u00e3o, e principalmente de forma articulada.<\/p>\n\n\n\n<p><a href=\"https:\/\/blog.uniprof.com.br\/cursos-profissionalizantes-tendencia-educacao-brasileira\/?utm_source=blog&amp;utm_medium=artigo&amp;utm_campaign=blog&amp;utm_term=sente_aqui\">Profissionalizar<\/a> exige uma compreens\u00e3o coletiva, ou uma cultura, de que todos merecem ter um \u2018saber-fazer\u2019 que lhe seja atribu\u00eddo, um conhecimento que ningu\u00e9m jamais poder\u00e1 lhe subtrair.<\/p>\n\n\n\n<p><strong>Uma sociedade rica n\u00e3o \u00e9 aquela que mais disp\u00f5e de recursos materiais ou naturais, mas sim a que mais produz e divide equitativamente o conhecimento.<\/strong><\/p>\n\n\n\n<p>Alguns pa\u00edses entenderam isso, e trataram de profissionalizar as pessoas rapidamente. Em sequ\u00eancia de uma jornada formativa, trataram de qualificar e aperfei\u00e7oar esse trabalhador.<\/p>\n\n\n\n<p>Se a sociedade compreende isso como cultura, e cria um ambiente para que este trabalhador possa produzir e se servir desta produ\u00e7\u00e3o, faz sentido ensinar a pescar.<\/p>\n\n\n\n<p>S\u00f3 o fato de ensinar a pescar, para depois lhe roubar os peixes \u2013 a\u00ed n\u00e3o!<\/p>\n\n\n\n<h2 class=\"wp-block-heading\"><strong>Agora, eu te conto um pouco sobre a UniPROF<\/strong><\/h2>\n\n\n\n<div class=\"wp-block-image\"><figure class=\"aligncenter size-large is-resized\"><img decoding=\"async\" src=\"https:\/\/images.pexels.com\/photos\/3184418\/pexels-photo-3184418.jpeg?auto=compress&amp;cs=tinysrgb&amp;dpr=2&amp;h=650&amp;w=940\" alt=\"\" width=\"707\" height=\"470\"\/><\/figure><\/div>\n\n\n\n<p>Aqui, chegamos em uma parte importante: a <a href=\"https:\/\/blog.uniprof.com.br\/o-que-e-a-uniprof\/?utm_source=blog&amp;utm_medium=artigo&amp;utm_campaign=blog&amp;utm_term=sente_aqui\">Universidade da Profiss\u00e3o<\/a> \u00e9 um ideia-a\u00e7\u00e3o que busca profissionalizar pessoas, para que estas possam ter um saber-fazer que lhe d\u00ea autossufici\u00eancia e possibilidades.<\/p>\n\n\n\n<p>Profissionalizar \u00e9 muito diferente do que apenas um t\u00edtulo, ou atribuir uma t\u00e9cnica. Ser um profissional \u00e9 saber <a href=\"https:\/\/blog.uniprof.com.br\/atuacao-profissional\/?utm_source=blog&amp;utm_medium=artigo&amp;utm_campaign=blog&amp;utm_term=sente_aqui\">atuar com compet\u00eancia<\/a>, dominar o processo e ter consci\u00eancia do que faz.<\/p>\n\n\n\n<p>J\u00e1 faz (muito) tempo que superamos um modelo econ\u00f4mico que busca alienar as pessoas em uma atividade \u2013 precisamos mergulhar coletivamente na fase do conhecimento.<\/p>\n\n\n\n<p>A UniPROF \u2013 Universidade da Profiss\u00e3o chega a este ponto. Estamos diante de desafios como o de Joana, 35, que se matriculou no curso de cabeleireiro e pretende ampliar as atividades que j\u00e1 exerce no pr\u00f3prio sal\u00e3o (hoje, ela faz \u201capenas\u201d sobrancelhas). Ou do jovem M\u00e1rio, 23, que come\u00e7ou o curso de churrasco e pretende aumentar a renda aos finais de semana, trabalhando eventualmente em um bairro vizinho ao que mora.<\/p>\n\n\n\n<p>A UniPROF \u00e9 destas e para estas pessoas. Trabalhar todos os dias, incansavelmente, para que todos possam conquistar para si o direito de um saber-fazer, se aperfei\u00e7oar, tornar-se reconhecido por isto e valorizados.<\/p>\n\n\n\n<p>A <a href=\"https:\/\/uniprof.com.br\/cursos\/?utm_source=blog&amp;utm_medium=artigo&amp;utm_campaign=blog&amp;utm_term=sente_aqui\">Universidade da Profiss\u00e3o<\/a> quer compartilhar forma\u00e7\u00e3o e um saber-fazer, e com isso levar autoestima, confian\u00e7a e qualidade para as pessoas.<\/p>\n\n\n\n<h2 class=\"wp-block-heading\"><strong>Ainda sentado no sof\u00e1? Te digo mais ent\u00e3o<\/strong><\/h2>\n\n\n\n<p>Talvez, o maior avan\u00e7o que demos enquanto sociedade foi a consci\u00eancia de que existe um apag\u00e3o. E que muitas pessoas j\u00e1 saibam que a solu\u00e7\u00e3o n\u00e3o ser\u00e1 m\u00e1gica, nem simples.<\/p>\n\n\n\n<p>Mas \u00e9 necess\u00e1ria. Este sonho, \u201centortado\u201d pelas injusti\u00e7as e desigualdades, precisa de mais gente para se tornar realidade.<\/p>\n\n\n\n<p>Ent\u00e3o, sobre o apag\u00e3o, te convido: vem com a gente, e vamos iluminar tudo que tem aqui e acol\u00e1.<\/p>\n\n\n\n<div class=\"wp-block-image\"><figure class=\"aligncenter size-large\"><a href=\"https:\/\/uniprof.com.br\/cursos\/?utm_source=blog&amp;utm_medium=banner&amp;utm_campaign=blog&amp;utm_term=sente_aqui\"><img decoding=\"async\" width=\"750\" height=\"200\" src=\"https:\/\/blog.uniprof.com.br\/wp-content\/uploads\/2021\/07\/Use-o-cupom-UNIPROF2021-e-ganhe-5-de-desconto-4-3.png\" alt=\"\" class=\"wp-image-775\" srcset=\"https:\/\/uniprof.com.br\/blog\/wp-content\/uploads\/2021\/07\/Use-o-cupom-UNIPROF2021-e-ganhe-5-de-desconto-4-3.png 750w, https:\/\/uniprof.com.br\/blog\/wp-content\/uploads\/2021\/07\/Use-o-cupom-UNIPROF2021-e-ganhe-5-de-desconto-4-3-300x80.png 300w\" sizes=\"(max-width: 750px) 100vw, 750px\" \/><\/a><\/figure><\/div>\n","protected":false},"excerpt":{"rendered":"<p>A UniPROF \u2013 A Universidade da Profiss\u00e3o, foi um sonho torto, que come\u00e7ou junto com a inquieta\u00e7\u00e3o de alguns profissionais. [&hellip;]<\/p>\n","protected":false},"author":3,"featured_media":722,"comment_status":"open","ping_status":"open","sticky":false,"template":"","format":"standard","meta":{"site-sidebar-layout":"default","site-content-layout":"","ast-site-content-layout":"default","site-content-style":"default","site-sidebar-style":"default","ast-global-header-display":"","ast-banner-title-visibility":"","ast-main-header-display":"","ast-hfb-above-header-display":"","ast-hfb-below-header-display":"","ast-hfb-mobile-header-display":"","site-post-title":"","ast-breadcrumbs-content":"","ast-featured-img":"","footer-sml-layout":"","ast-disable-related-posts":"","theme-transparent-header-meta":"","adv-header-id-meta":"","stick-header-meta":"","header-above-stick-meta":"","header-main-stick-meta":"","header-below-stick-meta":"","astra-migrate-meta-layouts":"default","ast-page-background-enabled":"default","ast-page-background-meta":{"desktop":{"background-color":"var(--ast-global-color-5)","background-image":"","background-repeat":"repeat","background-position":"center center","background-size":"auto","background-attachment":"scroll","background-type":"","background-media":"","overlay-type":"","overlay-color":"","overlay-opacity":"","overlay-gradient":""},"tablet":{"background-color":"","background-image":"","background-repeat":"repeat","background-position":"center center","background-size":"auto","background-attachment":"scroll","background-type":"","background-media":"","overlay-type":"","overlay-color":"","overlay-opacity":"","overlay-gradient":""},"mobile":{"background-color":"","background-image":"","background-repeat":"repeat","background-position":"center center","background-size":"auto","background-attachment":"scroll","background-type":"","background-media":"","overlay-type":"","overlay-color":"","overlay-opacity":"","overlay-gradient":""}},"ast-content-background-meta":{"desktop":{"background-color":"var(--ast-global-color-4)","background-image":"","background-repeat":"repeat","background-position":"center center","background-size":"auto","background-attachment":"scroll","background-type":"","background-media":"","overlay-type":"","overlay-color":"","overlay-opacity":"","overlay-gradient":""},"tablet":{"background-color":"var(--ast-global-color-4)","background-image":"","background-repeat":"repeat","background-position":"center center","background-size":"auto","background-attachment":"scroll","background-type":"","background-media":"","overlay-type":"","overlay-color":"","overlay-opacity":"","overlay-gradient":""},"mobile":{"background-color":"var(--ast-global-color-4)","background-image":"","background-repeat":"repeat","background-position":"center center","background-size":"auto","background-attachment":"scroll","background-type":"","background-media":"","overlay-type":"","overlay-color":"","overlay-opacity":"","overlay-gradient":""}},"footnotes":""},"categories":[20,92,25],"tags":[51,80,13,24,81],"class_list":["post-721","post","type-post","status-publish","format-standard","has-post-thumbnail","hentry","category-educacao-continuada","category-todos","category-uniprof","tag-capacitacao","tag-desenvolvimento","tag-profissional","tag-uniprof","tag-universidade-da-profissao"],"yoast_head":"<!-- This site is optimized with the Yoast SEO plugin v26.8 - https:\/\/yoast.com\/product\/yoast-seo-wordpress\/ -->\n<title>Conhe\u00e7a os motivos que impulsionaram a cria\u00e7\u00e3o da UniPROF<\/title>\n<meta name=\"description\" content=\"A UniPROF quer compartilhar forma\u00e7\u00e3o e um saber-fazer, e com isso levar autoestima, confian\u00e7a e qualidade para as pessoas.\" \/>\n<meta name=\"robots\" content=\"index, follow, max-snippet:-1, max-image-preview:large, max-video-preview:-1\" \/>\n<link rel=\"canonical\" href=\"https:\/\/uniprof.com.br\/blog\/conheca-a-uniprof\/\" \/>\n<meta property=\"og:locale\" content=\"pt_BR\" \/>\n<meta property=\"og:type\" content=\"article\" \/>\n<meta property=\"og:title\" content=\"Conhe\u00e7a os motivos que impulsionaram a cria\u00e7\u00e3o da UniPROF\" \/>\n<meta property=\"og:description\" content=\"A UniPROF quer compartilhar forma\u00e7\u00e3o e um saber-fazer, e com isso levar autoestima, confian\u00e7a e qualidade para as pessoas.\" \/>\n<meta property=\"og:url\" content=\"https:\/\/uniprof.com.br\/blog\/conheca-a-uniprof\/\" \/>\n<meta property=\"og:site_name\" content=\"UniPROF | Novidades, estudos e atualiza\u00e7\u00f5es\" \/>\n<meta property=\"article:publisher\" content=\"https:\/\/www.facebook.com\/uniprof.oficial\" \/>\n<meta property=\"article:published_time\" content=\"2021-07-07T19:14:43+00:00\" \/>\n<meta property=\"article:modified_time\" content=\"2021-10-06T20:19:26+00:00\" \/>\n<meta property=\"og:image\" content=\"https:\/\/uniprof.com.br\/blog\/wp-content\/uploads\/2021\/07\/TOPO_BLOG_UNIPROF.png\" \/>\n\t<meta property=\"og:image:width\" content=\"2240\" \/>\n\t<meta property=\"og:image:height\" content=\"1260\" \/>\n\t<meta property=\"og:image:type\" content=\"image\/png\" \/>\n<meta name=\"author\" content=\"Brenda Oliveira\" \/>\n<meta name=\"twitter:card\" content=\"summary_large_image\" \/>\n<meta name=\"twitter:label1\" content=\"Escrito por\" \/>\n\t<meta name=\"twitter:data1\" content=\"Brenda Oliveira\" \/>\n\t<meta name=\"twitter:label2\" content=\"Est. tempo de leitura\" \/>\n\t<meta name=\"twitter:data2\" content=\"4 minutos\" \/>\n<script type=\"application\/ld+json\" class=\"yoast-schema-graph\">{\"@context\":\"https:\/\/schema.org\",\"@graph\":[{\"@type\":\"Article\",\"@id\":\"https:\/\/uniprof.com.br\/blog\/conheca-a-uniprof\/#article\",\"isPartOf\":{\"@id\":\"https:\/\/uniprof.com.br\/blog\/conheca-a-uniprof\/\"},\"author\":{\"name\":\"Brenda Oliveira\",\"@id\":\"https:\/\/uniprof.com.br\/blog\/#\/schema\/person\/11b8bb909f5c483ca0c5c3c62c58f2e4\"},\"headline\":\"Conhe\u00e7a os motivos que impulsionaram a cria\u00e7\u00e3o da UniPROF\",\"datePublished\":\"2021-07-07T19:14:43+00:00\",\"dateModified\":\"2021-10-06T20:19:26+00:00\",\"mainEntityOfPage\":{\"@id\":\"https:\/\/uniprof.com.br\/blog\/conheca-a-uniprof\/\"},\"wordCount\":776,\"commentCount\":0,\"publisher\":{\"@id\":\"https:\/\/uniprof.com.br\/blog\/#organization\"},\"image\":{\"@id\":\"https:\/\/uniprof.com.br\/blog\/conheca-a-uniprof\/#primaryimage\"},\"thumbnailUrl\":\"https:\/\/uniprof.com.br\/blog\/wp-content\/uploads\/2021\/07\/TOPO_BLOG_UNIPROF.png\",\"keywords\":[\"capacita\u00e7\u00e3o\",\"Desenvolvimento\",\"profissional\",\"UniPROF\",\"Universidade da Profiss\u00e3o\"],\"articleSection\":[\"Educa\u00e7\u00e3o\",\"Todos\",\"UniPROF\"],\"inLanguage\":\"pt-BR\",\"potentialAction\":[{\"@type\":\"CommentAction\",\"name\":\"Comment\",\"target\":[\"https:\/\/uniprof.com.br\/blog\/conheca-a-uniprof\/#respond\"]}]},{\"@type\":\"WebPage\",\"@id\":\"https:\/\/uniprof.com.br\/blog\/conheca-a-uniprof\/\",\"url\":\"https:\/\/uniprof.com.br\/blog\/conheca-a-uniprof\/\",\"name\":\"Conhe\u00e7a os motivos que impulsionaram a cria\u00e7\u00e3o da UniPROF\",\"isPartOf\":{\"@id\":\"https:\/\/uniprof.com.br\/blog\/#website\"},\"primaryImageOfPage\":{\"@id\":\"https:\/\/uniprof.com.br\/blog\/conheca-a-uniprof\/#primaryimage\"},\"image\":{\"@id\":\"https:\/\/uniprof.com.br\/blog\/conheca-a-uniprof\/#primaryimage\"},\"thumbnailUrl\":\"https:\/\/uniprof.com.br\/blog\/wp-content\/uploads\/2021\/07\/TOPO_BLOG_UNIPROF.png\",\"datePublished\":\"2021-07-07T19:14:43+00:00\",\"dateModified\":\"2021-10-06T20:19:26+00:00\",\"description\":\"A UniPROF quer compartilhar forma\u00e7\u00e3o e um saber-fazer, e com isso levar autoestima, confian\u00e7a e qualidade para as pessoas.\",\"breadcrumb\":{\"@id\":\"https:\/\/uniprof.com.br\/blog\/conheca-a-uniprof\/#breadcrumb\"},\"inLanguage\":\"pt-BR\",\"potentialAction\":[{\"@type\":\"ReadAction\",\"target\":[\"https:\/\/uniprof.com.br\/blog\/conheca-a-uniprof\/\"]}]},{\"@type\":\"ImageObject\",\"inLanguage\":\"pt-BR\",\"@id\":\"https:\/\/uniprof.com.br\/blog\/conheca-a-uniprof\/#primaryimage\",\"url\":\"https:\/\/uniprof.com.br\/blog\/wp-content\/uploads\/2021\/07\/TOPO_BLOG_UNIPROF.png\",\"contentUrl\":\"https:\/\/uniprof.com.br\/blog\/wp-content\/uploads\/2021\/07\/TOPO_BLOG_UNIPROF.png\",\"width\":2240,\"height\":1260},{\"@type\":\"BreadcrumbList\",\"@id\":\"https:\/\/uniprof.com.br\/blog\/conheca-a-uniprof\/#breadcrumb\",\"itemListElement\":[{\"@type\":\"ListItem\",\"position\":1,\"name\":\"In\u00edcio\",\"item\":\"https:\/\/uniprof.com.br\/blog\/\"},{\"@type\":\"ListItem\",\"position\":2,\"name\":\"Conhe\u00e7a os motivos que impulsionaram a cria\u00e7\u00e3o da UniPROF\"}]},{\"@type\":\"WebSite\",\"@id\":\"https:\/\/uniprof.com.br\/blog\/#website\",\"url\":\"https:\/\/uniprof.com.br\/blog\/\",\"name\":\"UniPROF | Novidades, estudos e atualiza\u00e7\u00f5es\",\"description\":\"\",\"publisher\":{\"@id\":\"https:\/\/uniprof.com.br\/blog\/#organization\"},\"potentialAction\":[{\"@type\":\"SearchAction\",\"target\":{\"@type\":\"EntryPoint\",\"urlTemplate\":\"https:\/\/uniprof.com.br\/blog\/?s={search_term_string}\"},\"query-input\":{\"@type\":\"PropertyValueSpecification\",\"valueRequired\":true,\"valueName\":\"search_term_string\"}}],\"inLanguage\":\"pt-BR\"},{\"@type\":\"Organization\",\"@id\":\"https:\/\/uniprof.com.br\/blog\/#organization\",\"name\":\"UniPROF\",\"url\":\"https:\/\/uniprof.com.br\/blog\/\",\"logo\":{\"@type\":\"ImageObject\",\"inLanguage\":\"pt-BR\",\"@id\":\"https:\/\/uniprof.com.br\/blog\/#\/schema\/logo\/image\/\",\"url\":\"https:\/\/uniprof.com.br\/blog\/wp-content\/uploads\/2026\/01\/cropped-cropped-3.png\",\"contentUrl\":\"https:\/\/uniprof.com.br\/blog\/wp-content\/uploads\/2026\/01\/cropped-cropped-3.png\",\"width\":512,\"height\":512,\"caption\":\"UniPROF\"},\"image\":{\"@id\":\"https:\/\/uniprof.com.br\/blog\/#\/schema\/logo\/image\/\"},\"sameAs\":[\"https:\/\/www.facebook.com\/uniprof.oficial\",\"https:\/\/www.instagram.com\/uniprof.oficial\",\"https:\/\/www.linkedin.com\/company\/escolauniprof\/\",\"https:\/\/www.youtube.com\/@uniprof.oficial\",\"https:\/\/www.linkedin.com\/company\/uniprofoficial\/?viewAsMember=true\"]},{\"@type\":\"Person\",\"@id\":\"https:\/\/uniprof.com.br\/blog\/#\/schema\/person\/11b8bb909f5c483ca0c5c3c62c58f2e4\",\"name\":\"Brenda Oliveira\",\"image\":{\"@type\":\"ImageObject\",\"inLanguage\":\"pt-BR\",\"@id\":\"https:\/\/uniprof.com.br\/blog\/#\/schema\/person\/image\/\",\"url\":\"https:\/\/secure.gravatar.com\/avatar\/dfffb02fade98f6c5a170865f71d634098385609c0e64f9cb6e455e419063802?s=96&d=mm&r=g\",\"contentUrl\":\"https:\/\/secure.gravatar.com\/avatar\/dfffb02fade98f6c5a170865f71d634098385609c0e64f9cb6e455e419063802?s=96&d=mm&r=g\",\"caption\":\"Brenda Oliveira\"}}]}<\/script>\n<!-- \/ Yoast SEO plugin. -->","yoast_head_json":{"title":"Conhe\u00e7a os motivos que impulsionaram a cria\u00e7\u00e3o da UniPROF","description":"A UniPROF quer compartilhar forma\u00e7\u00e3o e um saber-fazer, e com isso levar autoestima, confian\u00e7a e qualidade para as pessoas.","robots":{"index":"index","follow":"follow","max-snippet":"max-snippet:-1","max-image-preview":"max-image-preview:large","max-video-preview":"max-video-preview:-1"},"canonical":"https:\/\/uniprof.com.br\/blog\/conheca-a-uniprof\/","og_locale":"pt_BR","og_type":"article","og_title":"Conhe\u00e7a os motivos que impulsionaram a cria\u00e7\u00e3o da UniPROF","og_description":"A UniPROF quer compartilhar forma\u00e7\u00e3o e um saber-fazer, e com isso levar autoestima, confian\u00e7a e qualidade para as pessoas.","og_url":"https:\/\/uniprof.com.br\/blog\/conheca-a-uniprof\/","og_site_name":"UniPROF | Novidades, estudos e atualiza\u00e7\u00f5es","article_publisher":"https:\/\/www.facebook.com\/uniprof.oficial","article_published_time":"2021-07-07T19:14:43+00:00","article_modified_time":"2021-10-06T20:19:26+00:00","og_image":[{"width":2240,"height":1260,"url":"https:\/\/uniprof.com.br\/blog\/wp-content\/uploads\/2021\/07\/TOPO_BLOG_UNIPROF.png","type":"image\/png"}],"author":"Brenda Oliveira","twitter_card":"summary_large_image","twitter_misc":{"Escrito por":"Brenda Oliveira","Est. tempo de leitura":"4 minutos"},"schema":{"@context":"https:\/\/schema.org","@graph":[{"@type":"Article","@id":"https:\/\/uniprof.com.br\/blog\/conheca-a-uniprof\/#article","isPartOf":{"@id":"https:\/\/uniprof.com.br\/blog\/conheca-a-uniprof\/"},"author":{"name":"Brenda Oliveira","@id":"https:\/\/uniprof.com.br\/blog\/#\/schema\/person\/11b8bb909f5c483ca0c5c3c62c58f2e4"},"headline":"Conhe\u00e7a os motivos que impulsionaram a cria\u00e7\u00e3o da UniPROF","datePublished":"2021-07-07T19:14:43+00:00","dateModified":"2021-10-06T20:19:26+00:00","mainEntityOfPage":{"@id":"https:\/\/uniprof.com.br\/blog\/conheca-a-uniprof\/"},"wordCount":776,"commentCount":0,"publisher":{"@id":"https:\/\/uniprof.com.br\/blog\/#organization"},"image":{"@id":"https:\/\/uniprof.com.br\/blog\/conheca-a-uniprof\/#primaryimage"},"thumbnailUrl":"https:\/\/uniprof.com.br\/blog\/wp-content\/uploads\/2021\/07\/TOPO_BLOG_UNIPROF.png","keywords":["capacita\u00e7\u00e3o","Desenvolvimento","profissional","UniPROF","Universidade da Profiss\u00e3o"],"articleSection":["Educa\u00e7\u00e3o","Todos","UniPROF"],"inLanguage":"pt-BR","potentialAction":[{"@type":"CommentAction","name":"Comment","target":["https:\/\/uniprof.com.br\/blog\/conheca-a-uniprof\/#respond"]}]},{"@type":"WebPage","@id":"https:\/\/uniprof.com.br\/blog\/conheca-a-uniprof\/","url":"https:\/\/uniprof.com.br\/blog\/conheca-a-uniprof\/","name":"Conhe\u00e7a os motivos que impulsionaram a cria\u00e7\u00e3o da UniPROF","isPartOf":{"@id":"https:\/\/uniprof.com.br\/blog\/#website"},"primaryImageOfPage":{"@id":"https:\/\/uniprof.com.br\/blog\/conheca-a-uniprof\/#primaryimage"},"image":{"@id":"https:\/\/uniprof.com.br\/blog\/conheca-a-uniprof\/#primaryimage"},"thumbnailUrl":"https:\/\/uniprof.com.br\/blog\/wp-content\/uploads\/2021\/07\/TOPO_BLOG_UNIPROF.png","datePublished":"2021-07-07T19:14:43+00:00","dateModified":"2021-10-06T20:19:26+00:00","description":"A UniPROF quer compartilhar forma\u00e7\u00e3o e um saber-fazer, e com isso levar autoestima, confian\u00e7a e qualidade para as pessoas.","breadcrumb":{"@id":"https:\/\/uniprof.com.br\/blog\/conheca-a-uniprof\/#breadcrumb"},"inLanguage":"pt-BR","potentialAction":[{"@type":"ReadAction","target":["https:\/\/uniprof.com.br\/blog\/conheca-a-uniprof\/"]}]},{"@type":"ImageObject","inLanguage":"pt-BR","@id":"https:\/\/uniprof.com.br\/blog\/conheca-a-uniprof\/#primaryimage","url":"https:\/\/uniprof.com.br\/blog\/wp-content\/uploads\/2021\/07\/TOPO_BLOG_UNIPROF.png","contentUrl":"https:\/\/uniprof.com.br\/blog\/wp-content\/uploads\/2021\/07\/TOPO_BLOG_UNIPROF.png","width":2240,"height":1260},{"@type":"BreadcrumbList","@id":"https:\/\/uniprof.com.br\/blog\/conheca-a-uniprof\/#breadcrumb","itemListElement":[{"@type":"ListItem","position":1,"name":"In\u00edcio","item":"https:\/\/uniprof.com.br\/blog\/"},{"@type":"ListItem","position":2,"name":"Conhe\u00e7a os motivos que impulsionaram a cria\u00e7\u00e3o da UniPROF"}]},{"@type":"WebSite","@id":"https:\/\/uniprof.com.br\/blog\/#website","url":"https:\/\/uniprof.com.br\/blog\/","name":"UniPROF | Novidades, estudos e atualiza\u00e7\u00f5es","description":"","publisher":{"@id":"https:\/\/uniprof.com.br\/blog\/#organization"},"potentialAction":[{"@type":"SearchAction","target":{"@type":"EntryPoint","urlTemplate":"https:\/\/uniprof.com.br\/blog\/?s={search_term_string}"},"query-input":{"@type":"PropertyValueSpecification","valueRequired":true,"valueName":"search_term_string"}}],"inLanguage":"pt-BR"},{"@type":"Organization","@id":"https:\/\/uniprof.com.br\/blog\/#organization","name":"UniPROF","url":"https:\/\/uniprof.com.br\/blog\/","logo":{"@type":"ImageObject","inLanguage":"pt-BR","@id":"https:\/\/uniprof.com.br\/blog\/#\/schema\/logo\/image\/","url":"https:\/\/uniprof.com.br\/blog\/wp-content\/uploads\/2026\/01\/cropped-cropped-3.png","contentUrl":"https:\/\/uniprof.com.br\/blog\/wp-content\/uploads\/2026\/01\/cropped-cropped-3.png","width":512,"height":512,"caption":"UniPROF"},"image":{"@id":"https:\/\/uniprof.com.br\/blog\/#\/schema\/logo\/image\/"},"sameAs":["https:\/\/www.facebook.com\/uniprof.oficial","https:\/\/www.instagram.com\/uniprof.oficial","https:\/\/www.linkedin.com\/company\/escolauniprof\/","https:\/\/www.youtube.com\/@uniprof.oficial","https:\/\/www.linkedin.com\/company\/uniprofoficial\/?viewAsMember=true"]},{"@type":"Person","@id":"https:\/\/uniprof.com.br\/blog\/#\/schema\/person\/11b8bb909f5c483ca0c5c3c62c58f2e4","name":"Brenda Oliveira","image":{"@type":"ImageObject","inLanguage":"pt-BR","@id":"https:\/\/uniprof.com.br\/blog\/#\/schema\/person\/image\/","url":"https:\/\/secure.gravatar.com\/avatar\/dfffb02fade98f6c5a170865f71d634098385609c0e64f9cb6e455e419063802?s=96&d=mm&r=g","contentUrl":"https:\/\/secure.gravatar.com\/avatar\/dfffb02fade98f6c5a170865f71d634098385609c0e64f9cb6e455e419063802?s=96&d=mm&r=g","caption":"Brenda Oliveira"}}]}},"_links":{"self":[{"href":"https:\/\/uniprof.com.br\/blog\/wp-json\/wp\/v2\/posts\/721","targetHints":{"allow":["GET"]}}],"collection":[{"href":"https:\/\/uniprof.com.br\/blog\/wp-json\/wp\/v2\/posts"}],"about":[{"href":"https:\/\/uniprof.com.br\/blog\/wp-json\/wp\/v2\/types\/post"}],"author":[{"embeddable":true,"href":"https:\/\/uniprof.com.br\/blog\/wp-json\/wp\/v2\/users\/3"}],"replies":[{"embeddable":true,"href":"https:\/\/uniprof.com.br\/blog\/wp-json\/wp\/v2\/comments?post=721"}],"version-history":[{"count":4,"href":"https:\/\/uniprof.com.br\/blog\/wp-json\/wp\/v2\/posts\/721\/revisions"}],"predecessor-version":[{"id":776,"href":"https:\/\/uniprof.com.br\/blog\/wp-json\/wp\/v2\/posts\/721\/revisions\/776"}],"wp:featuredmedia":[{"embeddable":true,"href":"https:\/\/uniprof.com.br\/blog\/wp-json\/wp\/v2\/media\/722"}],"wp:attachment":[{"href":"https:\/\/uniprof.com.br\/blog\/wp-json\/wp\/v2\/media?parent=721"}],"wp:term":[{"taxonomy":"category","embeddable":true,"href":"https:\/\/uniprof.com.br\/blog\/wp-json\/wp\/v2\/categories?post=721"},{"taxonomy":"post_tag","embeddable":true,"href":"https:\/\/uniprof.com.br\/blog\/wp-json\/wp\/v2\/tags?post=721"}],"curies":[{"name":"wp","href":"https:\/\/api.w.org\/{rel}","templated":true}]}}