{"id":904,"date":"2021-09-16T16:59:38","date_gmt":"2021-09-16T16:59:38","guid":{"rendered":"https:\/\/blog.uniprof.com.br\/?p=904"},"modified":"2021-10-06T20:19:26","modified_gmt":"2021-10-06T20:19:26","slug":"instagram-para-empresa","status":"publish","type":"post","link":"https:\/\/uniprof.com.br\/blog\/instagram-para-empresa\/","title":{"rendered":"Como criar uma conta no Instagram para sua empresa"},"content":{"rendered":"<div id=\"bsf_rt_marker\"><\/div>\n<p><strong>Criar uma conta no Instagram \u00e9 muito simples e f\u00e1cil<\/strong>, a pergunta deveria ser por que criar uma conta nesta rede social.<\/p>\n\n\n\n<p>Uma das muitas respostas que tenho \u00e9 porque <strong>o Instagram se tornou uma das maiores plataformas comerciais dos \u00faltimos tempos.<\/strong><\/p>\n\n\n\n<p>Para se ter uma ideia do tamanho e da dimens\u00e3o do que estamos falando, em 2018, o Instagram\u00a0 alcan\u00e7ou o n\u00famero de 1 bilh\u00e3o de usu\u00e1rios ativos.<\/p>\n\n\n\n<p>Muitas empresas usam o <strong>Instagram como ferramenta de marketing<\/strong> e fazem suas propagandas por esta rede, al\u00e9m do fato que a rede conta com ferramentas para mensurar resultados e engajamentos.<\/p>\n\n\n\n<p>Por isso, \u00e9<strong> ideal que se tenha uma conta comercial para sua empresa<\/strong>, e n\u00e3o uma conta comum que posta alguns produtos ou promo\u00e7\u00f5es.<\/p>\n\n\n\n<p>Em uma conta comercial \u00e9 poss\u00edvel acompanhar de perto os resultados de suas campanhas, adicionar bot\u00f5es para que haja uma intera\u00e7\u00e3o maior do p\u00fablico.<\/p>\n\n\n\n<p>Voc\u00ea pode criar an\u00fancios voltados para o p\u00fablico que deseja atingir e o tempo de dura\u00e7\u00e3o do an\u00fancio.<\/p>\n\n\n\n<div class=\"wp-block-image\"><figure class=\"aligncenter size-large is-resized\"><img fetchpriority=\"high\" decoding=\"async\" src=\"https:\/\/images.pexels.com\/photos\/174938\/pexels-photo-174938.jpeg?auto=compress&amp;cs=tinysrgb&amp;dpr=2&amp;h=650&amp;w=940\" alt=\"pessoa segurando um celular com o app do instagram aberto para login\" width=\"764\" height=\"573\"\/><\/figure><\/div>\n\n\n\n<h2 class=\"wp-block-heading\"><strong>Criando uma conta no Instagram<\/strong><\/h2>\n\n\n\n<p>Baixe o aplicativo do Instagram em seu celular, ou use pela web mesmo, se preferir usar o computador.<\/p>\n\n\n\n<p>Se voc\u00ea j\u00e1 tem uma conta, basta entrar nas configura\u00e7\u00f5es e acessar<strong>: Mudar para conta Comercial.<\/strong><\/p>\n\n\n\n<p>Se ainda n\u00e3o tem conta, vamos criar uma do zero: baixe o aplicativo ou use pela web, preencha com seus dados cadastrais e depois acesse configura\u00e7\u00f5es, em seguida clique em <strong>Cadastrar-se para uma conta comercial.<\/strong><\/p>\n\n\n\n<p>Logo em seguida, voc\u00ea precisa escolher uma das op\u00e7\u00f5es para definir sua conta, <strong>Criador de Conte\u00fados ou Empresa.<\/strong><\/p>\n\n\n\n<p>Assim que fizer a escolha voc\u00ea receber\u00e1 instru\u00e7\u00f5es para o preenchimento do perfil e, se voc\u00ea tiver tamb\u00e9m uma conta no Facebook, ser\u00e1 direcionado para entrar por l\u00e1 e assim as contas ficar\u00e3o vinculadas.<\/p>\n\n\n\n<p>Lembrando apenas que todas as contas que voc\u00ea tiver no Facebook ser\u00e3o vinculadas a esta conta no Instagram.<\/p>\n\n\n\n<p>Mas n\u00e3o existe a obrigatoriedade de se ter uma conta no Facebook.<\/p>\n\n\n\n<h2 class=\"wp-block-heading\"><strong>Selecionando a categoria<\/strong><\/h2>\n\n\n\n<p>Escolha uma das categorias que ser\u00e1 apresentada para voc\u00ea neste processo de cria\u00e7\u00e3o, veja em qual delas a sua empresa se encaixa e, a partir deste momento, j\u00e1 pode come\u00e7ar a interagir com a sua nova conta.<\/p>\n\n\n\n<h2 class=\"wp-block-heading\"><strong>M\u00e9tricas<\/strong><\/h2>\n\n\n\n<p>Este aqui \u00e9 um t\u00f3pico delicado, mas fundamental para saber se seus produtos ou servi\u00e7os est\u00e3o de fato atingindo o p\u00fablico que deseja.<\/p>\n\n\n\n<p>O que importa em uma campanha \u00e9 a <strong>quantidade de pessoas que se engajam<\/strong>, ou compram os produtos ou servi\u00e7os que oferecemos e n\u00e3o apenas o que est\u00e3o vendo o an\u00fancio ou post como chamamos.<\/p>\n\n\n\n<p>O que queremos \u00e9 ir al\u00e9m da visibilidade, queremos resultados.<\/p>\n\n\n\n<h2 class=\"wp-block-heading\"><strong>Crie conte\u00fados de qualidade<\/strong><\/h2>\n\n\n\n<p>Se quiser atrair um p\u00fablico e conquistar seguidores engajados, <strong>crie conte\u00fados de qualidade<\/strong>, vale at\u00e9 pagar para uma ag\u00eancia ou profissional para fazer este trabalho.<\/p>\n\n\n\n<p>Seus <strong>posts precisam gerar relev\u00e2ncia, agregar valor para quem os l\u00ea, e n\u00e3o apenas visualiza\u00e7\u00f5es.<\/strong><\/p>\n\n\n\n<h2 class=\"wp-block-heading\"><strong>Analisando resultados<\/strong><\/h2>\n\n\n\n<p>O Instagram permite que voc\u00ea gerencie sua conta o tempo todo.\u00a0<\/p>\n\n\n\n<p>Ap\u00f3s criar sua conta o app libera o acesso para o Instagram Insights<strong>,funcionalidade que permite ter acesso a m\u00e9tricas importantes como:<\/strong><\/p>\n\n\n\n<ul class=\"wp-block-list\"><li><strong>Alcance de suas publica\u00e7\u00f5es<\/strong>: mostra o n\u00famero de usu\u00e1rios que sua publica\u00e7\u00e3o alcan\u00e7ou.<\/li><\/ul>\n\n\n\n<ul class=\"wp-block-list\"><li><strong>Impress\u00f5es:<\/strong> n\u00famero geral de vezes que os seus conte\u00fados foram vistos.<\/li><\/ul>\n\n\n\n<ul class=\"wp-block-list\"><li><strong>Visualiza\u00e7\u00e3o do perfil:<\/strong> apresenta quantas vezes seu perfil foi visitado ou visualizado.<\/li><\/ul>\n\n\n\n<ul class=\"wp-block-list\"><li><strong>Cliques no site:<\/strong> exibe quantas vezes seu site foi clicado.<\/li><\/ul>\n\n\n\n<p>Al\u00e9m disso, o Instagram permite que voc\u00ea conhe\u00e7a um pouco mais sobre o seu p\u00fablico como:<\/p>\n\n\n\n<ul class=\"wp-block-list\"><li>Sexo<\/li><\/ul>\n\n\n\n<ul class=\"wp-block-list\"><li>Faixa et\u00e1ria<\/li><\/ul>\n\n\n\n<ul class=\"wp-block-list\"><li>Localiza\u00e7\u00e3o que inclui pa\u00edses e cidades<\/li><\/ul>\n\n\n\n<ul class=\"wp-block-list\"><li>Dias e hor\u00e1rios que seus conte\u00fados s\u00e3o acessados<\/li><\/ul>\n\n\n\n<ul class=\"wp-block-list\"><li>Quantidade de usu\u00e1rios que come\u00e7ou a seguir sua conta e os que deixou de seguir<\/li><\/ul>\n\n\n\n<ul class=\"wp-block-list\"><li>Quantas pessoas salvaram seus stories<\/li><\/ul>\n\n\n\n<ul class=\"wp-block-list\"><li>Quantas pessoas responderam em seus coment\u00e1rios<\/li><\/ul>\n\n\n\n<p>Com base nestas informa\u00e7\u00f5es s<strong>ua empresa pode criar conte\u00fado e produtos voltados diretamente para ele<\/strong>, ou mudar o formato do an\u00fancio, caso n\u00e3o esteja satisfeito com os resultados.<\/p>\n\n\n\n<p>Neste v\u00eddeo, que faz parte de um curso que a UniPROF oferece, uma especialista fala um pouco mais sobre as vantagens de se ter uma conta comercial no Instagram, assista:<\/p>\n\n\n\n<figure class=\"wp-block-embed aligncenter is-type-video is-provider-youtube wp-block-embed-youtube wp-embed-aspect-16-9 wp-has-aspect-ratio\"><div class=\"wp-block-embed__wrapper\">\n<iframe title=\"USANDO AS REDES SOCIAIS PARA ATRAIR CLIENTES\" width=\"500\" height=\"281\" src=\"https:\/\/www.youtube.com\/embed\/EstqjuuK5fk?feature=oembed\" frameborder=\"0\" allow=\"accelerometer; autoplay; clipboard-write; encrypted-media; gyroscope; picture-in-picture; web-share\" referrerpolicy=\"strict-origin-when-cross-origin\" allowfullscreen><\/iframe>\n<\/div><\/figure>\n\n\n\n<p><a href=\"https:\/\/uniprof.com.br\/?utm_source=blog&amp;utm_medium=artigo&amp;utm_campaign=blog&amp;utm_term=instagram\">Visite o nosso site<\/a>, conhe\u00e7a nossos cursos profissionalizantes, veja mais sobre as redes sociais, conhe\u00e7a as possibilidades de ganho com esta ferramenta t\u00e3o importante e que j\u00e1 faz parte da vida da maioria de n\u00f3s.<\/p>\n\n\n\n<p><a href=\"https:\/\/uniprof.com.br\/cursos\/?utm_source=blog&amp;utm_medium=artigo&amp;utm_campaign=blog&amp;utm_term=instagram\">Matricule-se<\/a> agora mesmo em um dos nossos cursos, e mude a sua vida.<\/p>\n\n\n\n<div class=\"wp-block-image\"><figure class=\"aligncenter size-full\"><a href=\"https:\/\/uniprof.com.br\/cursos\/?utm_source=blog&amp;utm_medium=banner&amp;utm_campaign=blog&amp;utm_term=instagram\"><img decoding=\"async\" width=\"750\" height=\"200\" src=\"https:\/\/blog.uniprof.com.br\/wp-content\/uploads\/2021\/07\/Use-o-cupom-UNIPROF2021-e-ganhe-5-de-desconto-3-2.png\" alt=\"\" class=\"wp-image-767\" srcset=\"https:\/\/uniprof.com.br\/blog\/wp-content\/uploads\/2021\/07\/Use-o-cupom-UNIPROF2021-e-ganhe-5-de-desconto-3-2.png 750w, https:\/\/uniprof.com.br\/blog\/wp-content\/uploads\/2021\/07\/Use-o-cupom-UNIPROF2021-e-ganhe-5-de-desconto-3-2-300x80.png 300w\" sizes=\"(max-width: 750px) 100vw, 750px\" \/><\/a><\/figure><\/div>\n","protected":false},"excerpt":{"rendered":"<p>Veja neste artigo o passo a passo para quem quer criar uma conta no Instagram para empresas. Neste material, al\u00e9m de ensinarmos como fazer, ainda passamos os cuidados que precisam ter para que haja engajamento do p\u00fablico.<\/p>\n","protected":false},"author":3,"featured_media":905,"comment_status":"open","ping_status":"open","sticky":false,"template":"","format":"standard","meta":{"site-sidebar-layout":"default","site-content-layout":"","ast-site-content-layout":"default","site-content-style":"default","site-sidebar-style":"default","ast-global-header-display":"","ast-banner-title-visibility":"","ast-main-header-display":"","ast-hfb-above-header-display":"","ast-hfb-below-header-display":"","ast-hfb-mobile-header-display":"","site-post-title":"","ast-breadcrumbs-content":"","ast-featured-img":"","footer-sml-layout":"","ast-disable-related-posts":"","theme-transparent-header-meta":"","adv-header-id-meta":"","stick-header-meta":"","header-above-stick-meta":"","header-main-stick-meta":"","header-below-stick-meta":"","astra-migrate-meta-layouts":"default","ast-page-background-enabled":"default","ast-page-background-meta":{"desktop":{"background-color":"var(--ast-global-color-5)","background-image":"","background-repeat":"repeat","background-position":"center center","background-size":"auto","background-attachment":"scroll","background-type":"","background-media":"","overlay-type":"","overlay-color":"","overlay-opacity":"","overlay-gradient":""},"tablet":{"background-color":"","background-image":"","background-repeat":"repeat","background-position":"center center","background-size":"auto","background-attachment":"scroll","background-type":"","background-media":"","overlay-type":"","overlay-color":"","overlay-opacity":"","overlay-gradient":""},"mobile":{"background-color":"","background-image":"","background-repeat":"repeat","background-position":"center center","background-size":"auto","background-attachment":"scroll","background-type":"","background-media":"","overlay-type":"","overlay-color":"","overlay-opacity":"","overlay-gradient":""}},"ast-content-background-meta":{"desktop":{"background-color":"var(--ast-global-color-4)","background-image":"","background-repeat":"repeat","background-position":"center center","background-size":"auto","background-attachment":"scroll","background-type":"","background-media":"","overlay-type":"","overlay-color":"","overlay-opacity":"","overlay-gradient":""},"tablet":{"background-color":"var(--ast-global-color-4)","background-image":"","background-repeat":"repeat","background-position":"center center","background-size":"auto","background-attachment":"scroll","background-type":"","background-media":"","overlay-type":"","overlay-color":"","overlay-opacity":"","overlay-gradient":""},"mobile":{"background-color":"var(--ast-global-color-4)","background-image":"","background-repeat":"repeat","background-position":"center center","background-size":"auto","background-attachment":"scroll","background-type":"","background-media":"","overlay-type":"","overlay-color":"","overlay-opacity":"","overlay-gradient":""}},"footnotes":""},"categories":[92],"tags":[98,48,107],"class_list":["post-904","post","type-post","status-publish","format-standard","has-post-thumbnail","hentry","category-todos","tag-empresa","tag-instagram","tag-redes-sociais"],"yoast_head":"<!-- This site is optimized with the Yoast SEO plugin v26.8 - https:\/\/yoast.com\/product\/yoast-seo-wordpress\/ -->\n<title>Como criar uma conta no Instagram para sua empresa [Passo a passo]<\/title>\n<meta name=\"description\" content=\"Veja o passo a passo para criar uma conta no Instagram para empresas e os cuidados necess\u00e1rios para que haja um bom engajamento do p\u00fablico.\" \/>\n<meta name=\"robots\" content=\"index, follow, max-snippet:-1, max-image-preview:large, max-video-preview:-1\" \/>\n<link rel=\"canonical\" href=\"https:\/\/uniprof.com.br\/blog\/instagram-para-empresa\/\" \/>\n<meta property=\"og:locale\" content=\"pt_BR\" \/>\n<meta property=\"og:type\" content=\"article\" \/>\n<meta property=\"og:title\" content=\"Como criar uma conta no Instagram para sua empresa [Passo a passo]\" \/>\n<meta property=\"og:description\" content=\"Veja o passo a passo para criar uma conta no Instagram para empresas e os cuidados necess\u00e1rios para que haja um bom engajamento do p\u00fablico.\" \/>\n<meta property=\"og:url\" content=\"https:\/\/uniprof.com.br\/blog\/instagram-para-empresa\/\" \/>\n<meta property=\"og:site_name\" content=\"UniPROF | Novidades, estudos e atualiza\u00e7\u00f5es\" \/>\n<meta property=\"article:publisher\" content=\"https:\/\/www.facebook.com\/uniprof.oficial\" \/>\n<meta property=\"article:published_time\" content=\"2021-09-16T16:59:38+00:00\" \/>\n<meta property=\"article:modified_time\" content=\"2021-10-06T20:19:26+00:00\" \/>\n<meta property=\"og:image\" content=\"https:\/\/uniprof.com.br\/blog\/wp-content\/uploads\/2021\/09\/TOPO_BLOG_UNIPROF-1-3.png\" \/>\n\t<meta property=\"og:image:width\" content=\"2240\" \/>\n\t<meta property=\"og:image:height\" content=\"1260\" \/>\n\t<meta property=\"og:image:type\" content=\"image\/png\" \/>\n<meta name=\"author\" content=\"Brenda Oliveira\" \/>\n<meta name=\"twitter:card\" content=\"summary_large_image\" \/>\n<meta name=\"twitter:label1\" content=\"Escrito por\" \/>\n\t<meta name=\"twitter:data1\" content=\"Brenda Oliveira\" \/>\n\t<meta name=\"twitter:label2\" content=\"Est. tempo de leitura\" \/>\n\t<meta name=\"twitter:data2\" content=\"4 minutos\" \/>\n<script type=\"application\/ld+json\" class=\"yoast-schema-graph\">{\"@context\":\"https:\/\/schema.org\",\"@graph\":[{\"@type\":\"Article\",\"@id\":\"https:\/\/uniprof.com.br\/blog\/instagram-para-empresa\/#article\",\"isPartOf\":{\"@id\":\"https:\/\/uniprof.com.br\/blog\/instagram-para-empresa\/\"},\"author\":{\"name\":\"Brenda Oliveira\",\"@id\":\"https:\/\/uniprof.com.br\/blog\/#\/schema\/person\/11b8bb909f5c483ca0c5c3c62c58f2e4\"},\"headline\":\"Como criar uma conta no Instagram para sua empresa\",\"datePublished\":\"2021-09-16T16:59:38+00:00\",\"dateModified\":\"2021-10-06T20:19:26+00:00\",\"mainEntityOfPage\":{\"@id\":\"https:\/\/uniprof.com.br\/blog\/instagram-para-empresa\/\"},\"wordCount\":803,\"commentCount\":0,\"publisher\":{\"@id\":\"https:\/\/uniprof.com.br\/blog\/#organization\"},\"image\":{\"@id\":\"https:\/\/uniprof.com.br\/blog\/instagram-para-empresa\/#primaryimage\"},\"thumbnailUrl\":\"https:\/\/uniprof.com.br\/blog\/wp-content\/uploads\/2021\/09\/TOPO_BLOG_UNIPROF-1-3.png\",\"keywords\":[\"empresa\",\"instagram\",\"redes sociais\"],\"articleSection\":[\"Todos\"],\"inLanguage\":\"pt-BR\",\"potentialAction\":[{\"@type\":\"CommentAction\",\"name\":\"Comment\",\"target\":[\"https:\/\/uniprof.com.br\/blog\/instagram-para-empresa\/#respond\"]}]},{\"@type\":\"WebPage\",\"@id\":\"https:\/\/uniprof.com.br\/blog\/instagram-para-empresa\/\",\"url\":\"https:\/\/uniprof.com.br\/blog\/instagram-para-empresa\/\",\"name\":\"Como criar uma conta no Instagram para sua empresa [Passo a passo]\",\"isPartOf\":{\"@id\":\"https:\/\/uniprof.com.br\/blog\/#website\"},\"primaryImageOfPage\":{\"@id\":\"https:\/\/uniprof.com.br\/blog\/instagram-para-empresa\/#primaryimage\"},\"image\":{\"@id\":\"https:\/\/uniprof.com.br\/blog\/instagram-para-empresa\/#primaryimage\"},\"thumbnailUrl\":\"https:\/\/uniprof.com.br\/blog\/wp-content\/uploads\/2021\/09\/TOPO_BLOG_UNIPROF-1-3.png\",\"datePublished\":\"2021-09-16T16:59:38+00:00\",\"dateModified\":\"2021-10-06T20:19:26+00:00\",\"description\":\"Veja o passo a passo para criar uma conta no Instagram para empresas e os cuidados necess\u00e1rios para que haja um bom engajamento do p\u00fablico.\",\"breadcrumb\":{\"@id\":\"https:\/\/uniprof.com.br\/blog\/instagram-para-empresa\/#breadcrumb\"},\"inLanguage\":\"pt-BR\",\"potentialAction\":[{\"@type\":\"ReadAction\",\"target\":[\"https:\/\/uniprof.com.br\/blog\/instagram-para-empresa\/\"]}]},{\"@type\":\"ImageObject\",\"inLanguage\":\"pt-BR\",\"@id\":\"https:\/\/uniprof.com.br\/blog\/instagram-para-empresa\/#primaryimage\",\"url\":\"https:\/\/uniprof.com.br\/blog\/wp-content\/uploads\/2021\/09\/TOPO_BLOG_UNIPROF-1-3.png\",\"contentUrl\":\"https:\/\/uniprof.com.br\/blog\/wp-content\/uploads\/2021\/09\/TOPO_BLOG_UNIPROF-1-3.png\",\"width\":2240,\"height\":1260},{\"@type\":\"BreadcrumbList\",\"@id\":\"https:\/\/uniprof.com.br\/blog\/instagram-para-empresa\/#breadcrumb\",\"itemListElement\":[{\"@type\":\"ListItem\",\"position\":1,\"name\":\"In\u00edcio\",\"item\":\"https:\/\/uniprof.com.br\/blog\/\"},{\"@type\":\"ListItem\",\"position\":2,\"name\":\"Como criar uma conta no Instagram para sua empresa\"}]},{\"@type\":\"WebSite\",\"@id\":\"https:\/\/uniprof.com.br\/blog\/#website\",\"url\":\"https:\/\/uniprof.com.br\/blog\/\",\"name\":\"UniPROF | Novidades, estudos e atualiza\u00e7\u00f5es\",\"description\":\"\",\"publisher\":{\"@id\":\"https:\/\/uniprof.com.br\/blog\/#organization\"},\"potentialAction\":[{\"@type\":\"SearchAction\",\"target\":{\"@type\":\"EntryPoint\",\"urlTemplate\":\"https:\/\/uniprof.com.br\/blog\/?s={search_term_string}\"},\"query-input\":{\"@type\":\"PropertyValueSpecification\",\"valueRequired\":true,\"valueName\":\"search_term_string\"}}],\"inLanguage\":\"pt-BR\"},{\"@type\":\"Organization\",\"@id\":\"https:\/\/uniprof.com.br\/blog\/#organization\",\"name\":\"UniPROF\",\"url\":\"https:\/\/uniprof.com.br\/blog\/\",\"logo\":{\"@type\":\"ImageObject\",\"inLanguage\":\"pt-BR\",\"@id\":\"https:\/\/uniprof.com.br\/blog\/#\/schema\/logo\/image\/\",\"url\":\"https:\/\/uniprof.com.br\/blog\/wp-content\/uploads\/2026\/01\/cropped-cropped-3.png\",\"contentUrl\":\"https:\/\/uniprof.com.br\/blog\/wp-content\/uploads\/2026\/01\/cropped-cropped-3.png\",\"width\":512,\"height\":512,\"caption\":\"UniPROF\"},\"image\":{\"@id\":\"https:\/\/uniprof.com.br\/blog\/#\/schema\/logo\/image\/\"},\"sameAs\":[\"https:\/\/www.facebook.com\/uniprof.oficial\",\"https:\/\/www.instagram.com\/uniprof.oficial\",\"https:\/\/www.linkedin.com\/company\/escolauniprof\/\",\"https:\/\/www.youtube.com\/@uniprof.oficial\",\"https:\/\/www.linkedin.com\/company\/uniprofoficial\/?viewAsMember=true\"]},{\"@type\":\"Person\",\"@id\":\"https:\/\/uniprof.com.br\/blog\/#\/schema\/person\/11b8bb909f5c483ca0c5c3c62c58f2e4\",\"name\":\"Brenda Oliveira\",\"image\":{\"@type\":\"ImageObject\",\"inLanguage\":\"pt-BR\",\"@id\":\"https:\/\/uniprof.com.br\/blog\/#\/schema\/person\/image\/\",\"url\":\"https:\/\/secure.gravatar.com\/avatar\/dfffb02fade98f6c5a170865f71d634098385609c0e64f9cb6e455e419063802?s=96&d=mm&r=g\",\"contentUrl\":\"https:\/\/secure.gravatar.com\/avatar\/dfffb02fade98f6c5a170865f71d634098385609c0e64f9cb6e455e419063802?s=96&d=mm&r=g\",\"caption\":\"Brenda Oliveira\"}}]}<\/script>\n<!-- \/ Yoast SEO plugin. -->","yoast_head_json":{"title":"Como criar uma conta no Instagram para sua empresa [Passo a passo]","description":"Veja o passo a passo para criar uma conta no Instagram para empresas e os cuidados necess\u00e1rios para que haja um bom engajamento do p\u00fablico.","robots":{"index":"index","follow":"follow","max-snippet":"max-snippet:-1","max-image-preview":"max-image-preview:large","max-video-preview":"max-video-preview:-1"},"canonical":"https:\/\/uniprof.com.br\/blog\/instagram-para-empresa\/","og_locale":"pt_BR","og_type":"article","og_title":"Como criar uma conta no Instagram para sua empresa [Passo a passo]","og_description":"Veja o passo a passo para criar uma conta no Instagram para empresas e os cuidados necess\u00e1rios para que haja um bom engajamento do p\u00fablico.","og_url":"https:\/\/uniprof.com.br\/blog\/instagram-para-empresa\/","og_site_name":"UniPROF | Novidades, estudos e atualiza\u00e7\u00f5es","article_publisher":"https:\/\/www.facebook.com\/uniprof.oficial","article_published_time":"2021-09-16T16:59:38+00:00","article_modified_time":"2021-10-06T20:19:26+00:00","og_image":[{"width":2240,"height":1260,"url":"https:\/\/uniprof.com.br\/blog\/wp-content\/uploads\/2021\/09\/TOPO_BLOG_UNIPROF-1-3.png","type":"image\/png"}],"author":"Brenda Oliveira","twitter_card":"summary_large_image","twitter_misc":{"Escrito por":"Brenda Oliveira","Est. tempo de leitura":"4 minutos"},"schema":{"@context":"https:\/\/schema.org","@graph":[{"@type":"Article","@id":"https:\/\/uniprof.com.br\/blog\/instagram-para-empresa\/#article","isPartOf":{"@id":"https:\/\/uniprof.com.br\/blog\/instagram-para-empresa\/"},"author":{"name":"Brenda Oliveira","@id":"https:\/\/uniprof.com.br\/blog\/#\/schema\/person\/11b8bb909f5c483ca0c5c3c62c58f2e4"},"headline":"Como criar uma conta no Instagram para sua empresa","datePublished":"2021-09-16T16:59:38+00:00","dateModified":"2021-10-06T20:19:26+00:00","mainEntityOfPage":{"@id":"https:\/\/uniprof.com.br\/blog\/instagram-para-empresa\/"},"wordCount":803,"commentCount":0,"publisher":{"@id":"https:\/\/uniprof.com.br\/blog\/#organization"},"image":{"@id":"https:\/\/uniprof.com.br\/blog\/instagram-para-empresa\/#primaryimage"},"thumbnailUrl":"https:\/\/uniprof.com.br\/blog\/wp-content\/uploads\/2021\/09\/TOPO_BLOG_UNIPROF-1-3.png","keywords":["empresa","instagram","redes sociais"],"articleSection":["Todos"],"inLanguage":"pt-BR","potentialAction":[{"@type":"CommentAction","name":"Comment","target":["https:\/\/uniprof.com.br\/blog\/instagram-para-empresa\/#respond"]}]},{"@type":"WebPage","@id":"https:\/\/uniprof.com.br\/blog\/instagram-para-empresa\/","url":"https:\/\/uniprof.com.br\/blog\/instagram-para-empresa\/","name":"Como criar uma conta no Instagram para sua empresa [Passo a passo]","isPartOf":{"@id":"https:\/\/uniprof.com.br\/blog\/#website"},"primaryImageOfPage":{"@id":"https:\/\/uniprof.com.br\/blog\/instagram-para-empresa\/#primaryimage"},"image":{"@id":"https:\/\/uniprof.com.br\/blog\/instagram-para-empresa\/#primaryimage"},"thumbnailUrl":"https:\/\/uniprof.com.br\/blog\/wp-content\/uploads\/2021\/09\/TOPO_BLOG_UNIPROF-1-3.png","datePublished":"2021-09-16T16:59:38+00:00","dateModified":"2021-10-06T20:19:26+00:00","description":"Veja o passo a passo para criar uma conta no Instagram para empresas e os cuidados necess\u00e1rios para que haja um bom engajamento do p\u00fablico.","breadcrumb":{"@id":"https:\/\/uniprof.com.br\/blog\/instagram-para-empresa\/#breadcrumb"},"inLanguage":"pt-BR","potentialAction":[{"@type":"ReadAction","target":["https:\/\/uniprof.com.br\/blog\/instagram-para-empresa\/"]}]},{"@type":"ImageObject","inLanguage":"pt-BR","@id":"https:\/\/uniprof.com.br\/blog\/instagram-para-empresa\/#primaryimage","url":"https:\/\/uniprof.com.br\/blog\/wp-content\/uploads\/2021\/09\/TOPO_BLOG_UNIPROF-1-3.png","contentUrl":"https:\/\/uniprof.com.br\/blog\/wp-content\/uploads\/2021\/09\/TOPO_BLOG_UNIPROF-1-3.png","width":2240,"height":1260},{"@type":"BreadcrumbList","@id":"https:\/\/uniprof.com.br\/blog\/instagram-para-empresa\/#breadcrumb","itemListElement":[{"@type":"ListItem","position":1,"name":"In\u00edcio","item":"https:\/\/uniprof.com.br\/blog\/"},{"@type":"ListItem","position":2,"name":"Como criar uma conta no Instagram para sua empresa"}]},{"@type":"WebSite","@id":"https:\/\/uniprof.com.br\/blog\/#website","url":"https:\/\/uniprof.com.br\/blog\/","name":"UniPROF | Novidades, estudos e atualiza\u00e7\u00f5es","description":"","publisher":{"@id":"https:\/\/uniprof.com.br\/blog\/#organization"},"potentialAction":[{"@type":"SearchAction","target":{"@type":"EntryPoint","urlTemplate":"https:\/\/uniprof.com.br\/blog\/?s={search_term_string}"},"query-input":{"@type":"PropertyValueSpecification","valueRequired":true,"valueName":"search_term_string"}}],"inLanguage":"pt-BR"},{"@type":"Organization","@id":"https:\/\/uniprof.com.br\/blog\/#organization","name":"UniPROF","url":"https:\/\/uniprof.com.br\/blog\/","logo":{"@type":"ImageObject","inLanguage":"pt-BR","@id":"https:\/\/uniprof.com.br\/blog\/#\/schema\/logo\/image\/","url":"https:\/\/uniprof.com.br\/blog\/wp-content\/uploads\/2026\/01\/cropped-cropped-3.png","contentUrl":"https:\/\/uniprof.com.br\/blog\/wp-content\/uploads\/2026\/01\/cropped-cropped-3.png","width":512,"height":512,"caption":"UniPROF"},"image":{"@id":"https:\/\/uniprof.com.br\/blog\/#\/schema\/logo\/image\/"},"sameAs":["https:\/\/www.facebook.com\/uniprof.oficial","https:\/\/www.instagram.com\/uniprof.oficial","https:\/\/www.linkedin.com\/company\/escolauniprof\/","https:\/\/www.youtube.com\/@uniprof.oficial","https:\/\/www.linkedin.com\/company\/uniprofoficial\/?viewAsMember=true"]},{"@type":"Person","@id":"https:\/\/uniprof.com.br\/blog\/#\/schema\/person\/11b8bb909f5c483ca0c5c3c62c58f2e4","name":"Brenda Oliveira","image":{"@type":"ImageObject","inLanguage":"pt-BR","@id":"https:\/\/uniprof.com.br\/blog\/#\/schema\/person\/image\/","url":"https:\/\/secure.gravatar.com\/avatar\/dfffb02fade98f6c5a170865f71d634098385609c0e64f9cb6e455e419063802?s=96&d=mm&r=g","contentUrl":"https:\/\/secure.gravatar.com\/avatar\/dfffb02fade98f6c5a170865f71d634098385609c0e64f9cb6e455e419063802?s=96&d=mm&r=g","caption":"Brenda Oliveira"}}]}},"_links":{"self":[{"href":"https:\/\/uniprof.com.br\/blog\/wp-json\/wp\/v2\/posts\/904","targetHints":{"allow":["GET"]}}],"collection":[{"href":"https:\/\/uniprof.com.br\/blog\/wp-json\/wp\/v2\/posts"}],"about":[{"href":"https:\/\/uniprof.com.br\/blog\/wp-json\/wp\/v2\/types\/post"}],"author":[{"embeddable":true,"href":"https:\/\/uniprof.com.br\/blog\/wp-json\/wp\/v2\/users\/3"}],"replies":[{"embeddable":true,"href":"https:\/\/uniprof.com.br\/blog\/wp-json\/wp\/v2\/comments?post=904"}],"version-history":[{"count":1,"href":"https:\/\/uniprof.com.br\/blog\/wp-json\/wp\/v2\/posts\/904\/revisions"}],"predecessor-version":[{"id":906,"href":"https:\/\/uniprof.com.br\/blog\/wp-json\/wp\/v2\/posts\/904\/revisions\/906"}],"wp:featuredmedia":[{"embeddable":true,"href":"https:\/\/uniprof.com.br\/blog\/wp-json\/wp\/v2\/media\/905"}],"wp:attachment":[{"href":"https:\/\/uniprof.com.br\/blog\/wp-json\/wp\/v2\/media?parent=904"}],"wp:term":[{"taxonomy":"category","embeddable":true,"href":"https:\/\/uniprof.com.br\/blog\/wp-json\/wp\/v2\/categories?post=904"},{"taxonomy":"post_tag","embeddable":true,"href":"https:\/\/uniprof.com.br\/blog\/wp-json\/wp\/v2\/tags?post=904"}],"curies":[{"name":"wp","href":"https:\/\/api.w.org\/{rel}","templated":true}]}}