{"id":907,"date":"2021-09-16T17:43:35","date_gmt":"2021-09-16T17:43:35","guid":{"rendered":"https:\/\/blog.uniprof.com.br\/?p=907"},"modified":"2021-10-06T20:19:26","modified_gmt":"2021-10-06T20:19:26","slug":"fanpage-facebook","status":"publish","type":"post","link":"https:\/\/uniprof.com.br\/blog\/fanpage-facebook\/","title":{"rendered":"Como criar uma fanpage no Facebook"},"content":{"rendered":"<div id=\"bsf_rt_marker\"><\/div>\n<p><strong>Uma fanpage \u00e9 uma p\u00e1gina comercial voltada para a sua marca<\/strong>, para exposi\u00e7\u00e3o e venda de seus produtos ou servi\u00e7os.<\/p>\n\n\n\n<p>Assim como acontece no <a href=\"https:\/\/blog.uniprof.com.br\/instagram-para-empresa\/?utm_source=blog&amp;utm_medium=artigo&amp;utm_campaign=blog&amp;utm_term=fanpage\">Instragram<\/a>, o Facebook tamb\u00e9m permite que se tenha uma p\u00e1gina comercial, por\u00e9m, diferentemente do Instagram, <strong>a fanpage precisa estar vinculada a um perfil real que ser\u00e1 o propriet\u00e1rio da p\u00e1gina.<\/strong><\/p>\n\n\n\n<p>Precisamos admitir que nos dias de hoje quem n\u00e3o tem sua marca divulgada em redes sociais est\u00e1 perdendo dinheiro ou, no m\u00ednimo, deixando de ganhar.<\/p>\n\n\n\n<p>Por isso \u00e9 <strong>importante para o sucesso do seu neg\u00f3cio ter p\u00e1ginas em redes sociais<\/strong>.<\/p>\n\n\n\n<h2 class=\"wp-block-heading\"><strong>Como criar a sua fanpage no Facebook<\/strong><\/h2>\n\n\n\n<p>Como dito anteriormente, voc\u00ea precisa ter um perfil no Facebook para poder criar a sua fanpage.<\/p>\n\n\n\n<ul class=\"wp-block-list\"><li><strong>N\u00e3o tem perfil no facebook:<\/strong> baixe o aplicativo no celular ou acesse pela web <a href=\"https:\/\/www.facebook.com\/\">facebook.com<\/a> e clique em criar nova conta, preencha os dados que ser\u00e3o pedidos e pronto sua conta est\u00e1 aberta.<\/li><\/ul>\n\n\n\n<ul class=\"wp-block-list\"><li><strong>J\u00e1 tem perfil no facebook:<\/strong> neste caso, acesse sua conta, na barra azul na parte de cima da tela, clique em Criar e em seguida clique em P\u00e1gina. Agora, na tela que vai abrir, escolha a categoria da p\u00e1gina com base em seu neg\u00f3cio, para vendas escolha a op\u00e7\u00e3o Neg\u00f3cio ou Marca, se vai oferecer servi\u00e7os, escolha a op\u00e7\u00e3o Comunidade ou Figura P\u00fablica.<\/li><\/ul>\n\n\n\n<p>Qualquer que tenha sido a escolha da categoria, o pr\u00f3ximo passo ser\u00e1 a escolha do nome para a fanpage<strong>. Procure ler a pol\u00edtica de uso do facebook para n\u00e3o ter problemas com a sua p\u00e1gina e ela ser retirada do ar.<\/strong><\/p>\n\n\n\n<h2 class=\"wp-block-heading\"><strong>Personalize sua fanpage<\/strong><\/h2>\n\n\n\n<p>Agora \u00e9 o momento de <strong>personalizar a sua fanpage<\/strong>, escolha uma foto para perfil e outra para a capa da p\u00e1gina, que pode ser o seu logo ou qualquer outra foto que represente de alguma forma a sua empresa.<\/p>\n\n\n\n<div class=\"wp-block-image\"><figure class=\"aligncenter size-large is-resized\"><img fetchpriority=\"high\" decoding=\"async\" src=\"https:\/\/images.pexels.com\/photos\/6162932\/pexels-photo-6162932.jpeg?auto=compress&amp;cs=tinysrgb&amp;dpr=2&amp;h=650&amp;w=940\" alt=\"computador com o logo do facebook na tela\" width=\"692\" height=\"460\"\/><\/figure><\/div>\n\n\n\n<h2 class=\"wp-block-heading\"><strong>Informa\u00e7\u00f5es da fanpage<\/strong><\/h2>\n\n\n\n<p>Agora que adicionou a imagem, vamos adicionar as informa\u00e7\u00f5es sobre a sua empresa &#8211; para isso, \u00e9 preciso clicar em Editar na parte superior da tela e acessar Configura\u00e7\u00f5es da P\u00e1gina.<\/p>\n\n\n\n<p>Nesta tela que se abre, coloque as informa\u00e7\u00f5es:<\/p>\n\n\n\n<ul class=\"wp-block-list\"><li>Uma descri\u00e7\u00e3o da sua empresa ou do seu neg\u00f3cio<\/li><\/ul>\n\n\n\n<ul class=\"wp-block-list\"><li>Telefone de contato<\/li><\/ul>\n\n\n\n<ul class=\"wp-block-list\"><li>Endere\u00e7o de site se tiver<\/li><\/ul>\n\n\n\n<ul class=\"wp-block-list\"><li>Endere\u00e7o f\u00edsico se tiver<\/li><\/ul>\n\n\n\n<ul class=\"wp-block-list\"><li>E-mail<\/li><\/ul>\n\n\n\n<p>Vale lembrar que <strong>estas informa\u00e7\u00f5es podem ser alteradas<\/strong> sempre que for preciso.<\/p>\n\n\n\n<h2 class=\"wp-block-heading\"><strong>Finalizando a cria\u00e7\u00e3o da fanpage<\/strong><\/h2>\n\n\n\n<p><strong>A cria\u00e7\u00e3o da fanpage est\u00e1 pronta<\/strong>, faltam apenas alguns detalhes antes de divulgar para o seu p\u00fablico.<\/p>\n\n\n\n<p>Clique novamente em Configura\u00e7\u00f5es na barra superior. <\/p>\n\n\n\n<p>Na guia onde aparece a palavra Geral, voc\u00ea poder\u00e1 definir algumas coisas, como a visibilidade, permitir ou n\u00e3o a publica\u00e7\u00e3o de visitantes, limitar a visibilidade, entre outras op\u00e7\u00f5es.<\/p>\n\n\n\n<p>Caso voc\u00ea n\u00e3o seja o \u00fanico a publicar nesta p\u00e1gina, voc\u00ea pode atribuir algumas fun\u00e7\u00f5es para as pessoas que v\u00e3o ajud\u00e1-lo a administrar a p\u00e1gina, <strong>para isso acesse Fun\u00e7\u00f5es Administrativas e atribua ou remova acesso de outras pessoas.<\/strong><\/p>\n\n\n\n<h2 class=\"wp-block-heading\"><strong>Divulga\u00e7\u00e3o<\/strong><\/h2>\n\n\n\n<p><strong>Voc\u00ea j\u00e1 criou e configurou a sua fanpage<\/strong>, agora chegou o momento de divulg\u00e1-la para o seu p\u00fablico. <\/p>\n\n\n\n<p>Voc\u00ea pode enviar uma mensagem para todos os seus amigos em seu perfil pessoal falando sobre a sua fanpage, por\u00e9m existem outras formas.<\/p>\n\n\n\n<p>Uma outra alternativa para gerar <strong>visibilidade e at\u00e9 engajamento em sua p\u00e1gina \u00e9 criar an\u00fancios no Facebook, <\/strong>eles n\u00e3o s\u00e3o t\u00e3o caros e garantem um alcance maior, principalmente no in\u00edcio.<\/p>\n\n\n\n<p>Al\u00e9m disso, uma outra vantagem est\u00e1 em poder definir o perfil das pessoas que voc\u00ea quer alcan\u00e7ar<strong>, tornando a sua campanha de marketing muito mais eficiente<\/strong>.<\/p>\n\n\n\n<div class=\"wp-block-image\"><figure class=\"aligncenter size-large is-resized\"><img decoding=\"async\" src=\"https:\/\/images.pexels.com\/photos\/6168\/hands-woman-laptop-notebook.jpg?auto=compress&amp;cs=tinysrgb&amp;dpr=2&amp;h=650&amp;w=940\" alt=\"mulher postando e editando conte\u00fados no facebook pelo computador\" width=\"-81\" height=\"-54\"\/><\/figure><\/div>\n\n\n\n<h2 class=\"wp-block-heading\"><strong>Intera\u00e7\u00e3o com o p\u00fablico<\/strong><\/h2>\n\n\n\n<p><strong>Procure interagir com seu p\u00fablico<\/strong>, acompanhe e responda os coment\u00e1rios, principalmente os que forem reclama\u00e7\u00f5es.<\/p>\n\n\n\n<p>Um grande erro de quem come\u00e7a \u00e9 deixar a p\u00e1gina abandonada, sem <strong>novas publica\u00e7\u00f5es ou intera\u00e7\u00f5es com o p\u00fablico.<\/strong><\/p>\n\n\n\n<p>Quando voc\u00ea responde r\u00e1pido um coment\u00e1rio, voc\u00ea est\u00e1 mostrando para o seu p\u00fablico que voc\u00ea se importa com suas quest\u00f5es, e com isso a sua marca ganha al\u00e9m de respeito, autoridade.<\/p>\n\n\n\n<h2 class=\"wp-block-heading\"><strong>P\u00e1gina atualizada sempre<\/strong><\/h2>\n\n\n\n<p><strong>Mantenha sua p\u00e1gina sempre atualizada<\/strong>, se deseja promover uma aproxima\u00e7\u00e3o e uma divulga\u00e7\u00e3o maior da sua marca ou neg\u00f3cio, n\u00e3o deixe de fazer postagens, se poss\u00edvel di\u00e1ria, isso far\u00e1 com que seu p\u00fablico se acostume com o fato de sempre ter algo novo em sua p\u00e1gina.<\/p>\n\n\n\n<p>Quando voc\u00ea deixa de publicar ou de responder os coment\u00e1rios, <strong>seu p\u00fablico perde o interesse por sua marca e come\u00e7a a achar que n\u00e3o vale mais a pena segui-la.<\/strong><\/p>\n\n\n\n<p>Uma dica para que se tenha sempre novos conte\u00fados \u00e9 <strong>criar um calend\u00e1rio editorial<\/strong>. <\/p>\n\n\n\n<p>Voc\u00ea pode em um ou dois dias definir a estrat\u00e9gia para o m\u00eas todo, e deixar todas as postagens agendadas, mas fique de olho nos coment\u00e1rios para conseguir responder a todos e n\u00e3o perder a credibilidade.<\/p>\n\n\n\n<p>Nesta v\u00eddeo aula, que faz parte de um curso oferecido por n\u00f3s, uma especialista fala sobre a import\u00e2ncia de se ter uma fanpage , assista:<\/p>\n\n\n\n<figure class=\"wp-block-embed aligncenter is-type-video is-provider-youtube wp-block-embed-youtube wp-embed-aspect-16-9 wp-has-aspect-ratio\"><div class=\"wp-block-embed__wrapper\">\n<iframe title=\"USANDO AS REDES SOCIAIS PARA ATRAIR CLIENTES\" width=\"500\" height=\"281\" src=\"https:\/\/www.youtube.com\/embed\/EstqjuuK5fk?feature=oembed\" frameborder=\"0\" allow=\"accelerometer; autoplay; clipboard-write; encrypted-media; gyroscope; picture-in-picture; web-share\" referrerpolicy=\"strict-origin-when-cross-origin\" allowfullscreen><\/iframe>\n<\/div><\/figure>\n\n\n\n<p>Agora que voc\u00ea j\u00e1 assistiu uma das nossas v\u00eddeo aulas, acesse o nosso site e veja o que n\u00f3s da <a href=\"https:\/\/uniprof.com.br\/?utm_source=blog&amp;utm_medium=artigo&amp;utm_campaign=blog&amp;utm_term=fanpage\">UniPROF<\/a> preparamos para voc\u00ea.<\/p>\n\n\n\n<p><a href=\"https:\/\/uniprof.com.br\/cursos\/?utm_source=blog&amp;utm_medium=artigo&amp;utm_campaign=blog&amp;utm_term=fanpage\">Inscreva-se<\/a> j\u00e1 em um dos nossos cursos e d\u00ea uma alavancada em sua vida profissional.<\/p>\n\n\n\n<div class=\"wp-block-image\"><figure class=\"aligncenter size-full\"><a href=\"https:\/\/uniprof.com.br\/cursos\/?utm_source=blog&amp;utm_medium=banner&amp;utm_campaign=blog&amp;utm_term=fanpage\"><img decoding=\"async\" width=\"750\" height=\"200\" src=\"https:\/\/blog.uniprof.com.br\/wp-content\/uploads\/2021\/07\/Use-o-cupom-UNIPROF2021-e-ganhe-5-de-desconto-3-3.png\" alt=\"\" class=\"wp-image-769\" srcset=\"https:\/\/uniprof.com.br\/blog\/wp-content\/uploads\/2021\/07\/Use-o-cupom-UNIPROF2021-e-ganhe-5-de-desconto-3-3.png 750w, https:\/\/uniprof.com.br\/blog\/wp-content\/uploads\/2021\/07\/Use-o-cupom-UNIPROF2021-e-ganhe-5-de-desconto-3-3-300x80.png 300w\" sizes=\"(max-width: 750px) 100vw, 750px\" \/><\/a><\/figure><\/div>\n","protected":false},"excerpt":{"rendered":"<p>Para voc\u00ea que tem um neg\u00f3cio, que vende produtos ou oferece servi\u00e7os, e quer atingir um p\u00fablico maior e com isso um maior engajamento para a sua marca, ent\u00e3o n\u00e3o deixe de ler este artigo.<br \/>\nNele explicamos a import\u00e2ncia de estar na internet, veja as dicas de como fazer o seu an\u00fancio trabalhar por voc\u00ea , o que \u00e9 preciso e quais s\u00e3o as possibilidades.<\/p>\n","protected":false},"author":3,"featured_media":908,"comment_status":"open","ping_status":"open","sticky":false,"template":"","format":"standard","meta":{"site-sidebar-layout":"default","site-content-layout":"","ast-site-content-layout":"default","site-content-style":"default","site-sidebar-style":"default","ast-global-header-display":"","ast-banner-title-visibility":"","ast-main-header-display":"","ast-hfb-above-header-display":"","ast-hfb-below-header-display":"","ast-hfb-mobile-header-display":"","site-post-title":"","ast-breadcrumbs-content":"","ast-featured-img":"","footer-sml-layout":"","ast-disable-related-posts":"","theme-transparent-header-meta":"","adv-header-id-meta":"","stick-header-meta":"","header-above-stick-meta":"","header-main-stick-meta":"","header-below-stick-meta":"","astra-migrate-meta-layouts":"default","ast-page-background-enabled":"default","ast-page-background-meta":{"desktop":{"background-color":"var(--ast-global-color-5)","background-image":"","background-repeat":"repeat","background-position":"center center","background-size":"auto","background-attachment":"scroll","background-type":"","background-media":"","overlay-type":"","overlay-color":"","overlay-opacity":"","overlay-gradient":""},"tablet":{"background-color":"","background-image":"","background-repeat":"repeat","background-position":"center center","background-size":"auto","background-attachment":"scroll","background-type":"","background-media":"","overlay-type":"","overlay-color":"","overlay-opacity":"","overlay-gradient":""},"mobile":{"background-color":"","background-image":"","background-repeat":"repeat","background-position":"center center","background-size":"auto","background-attachment":"scroll","background-type":"","background-media":"","overlay-type":"","overlay-color":"","overlay-opacity":"","overlay-gradient":""}},"ast-content-background-meta":{"desktop":{"background-color":"var(--ast-global-color-4)","background-image":"","background-repeat":"repeat","background-position":"center center","background-size":"auto","background-attachment":"scroll","background-type":"","background-media":"","overlay-type":"","overlay-color":"","overlay-opacity":"","overlay-gradient":""},"tablet":{"background-color":"var(--ast-global-color-4)","background-image":"","background-repeat":"repeat","background-position":"center center","background-size":"auto","background-attachment":"scroll","background-type":"","background-media":"","overlay-type":"","overlay-color":"","overlay-opacity":"","overlay-gradient":""},"mobile":{"background-color":"var(--ast-global-color-4)","background-image":"","background-repeat":"repeat","background-position":"center center","background-size":"auto","background-attachment":"scroll","background-type":"","background-media":"","overlay-type":"","overlay-color":"","overlay-opacity":"","overlay-gradient":""}},"footnotes":""},"categories":[92],"tags":[109,108,110,107],"class_list":["post-907","post","type-post","status-publish","format-standard","has-post-thumbnail","hentry","category-todos","tag-facebook","tag-fanpage","tag-internet","tag-redes-sociais"],"yoast_head":"<!-- This site is optimized with the Yoast SEO plugin v26.8 - https:\/\/yoast.com\/product\/yoast-seo-wordpress\/ -->\n<title>Como criar uma fanpage no Facebook [Guia Completo]<\/title>\n<meta name=\"description\" content=\"Saiba a import\u00e2ncia de ter uma fanpage, dicas de como fazer o seu an\u00fancio trabalhar por voc\u00ea , o que \u00e9 preciso e quais s\u00e3o as possibilidades.\" \/>\n<meta name=\"robots\" content=\"index, follow, max-snippet:-1, max-image-preview:large, max-video-preview:-1\" \/>\n<link rel=\"canonical\" href=\"https:\/\/uniprof.com.br\/blog\/fanpage-facebook\/\" \/>\n<meta property=\"og:locale\" content=\"pt_BR\" \/>\n<meta property=\"og:type\" content=\"article\" \/>\n<meta property=\"og:title\" content=\"Como criar uma fanpage no Facebook [Guia Completo]\" \/>\n<meta property=\"og:description\" content=\"Saiba a import\u00e2ncia de ter uma fanpage, dicas de como fazer o seu an\u00fancio trabalhar por voc\u00ea , o que \u00e9 preciso e quais s\u00e3o as possibilidades.\" \/>\n<meta property=\"og:url\" content=\"https:\/\/uniprof.com.br\/blog\/fanpage-facebook\/\" \/>\n<meta property=\"og:site_name\" content=\"UniPROF | Novidades, estudos e atualiza\u00e7\u00f5es\" \/>\n<meta property=\"article:publisher\" content=\"https:\/\/www.facebook.com\/uniprof.oficial\" \/>\n<meta property=\"article:published_time\" content=\"2021-09-16T17:43:35+00:00\" \/>\n<meta property=\"article:modified_time\" content=\"2021-10-06T20:19:26+00:00\" \/>\n<meta property=\"og:image\" content=\"https:\/\/uniprof.com.br\/blog\/wp-content\/uploads\/2021\/09\/TOPO_BLOG_UNIPROF-2-1.png\" \/>\n\t<meta property=\"og:image:width\" content=\"2240\" \/>\n\t<meta property=\"og:image:height\" content=\"1260\" \/>\n\t<meta property=\"og:image:type\" content=\"image\/png\" \/>\n<meta name=\"author\" content=\"Brenda Oliveira\" \/>\n<meta name=\"twitter:card\" content=\"summary_large_image\" \/>\n<meta name=\"twitter:label1\" content=\"Escrito por\" \/>\n\t<meta name=\"twitter:data1\" content=\"Brenda Oliveira\" \/>\n\t<meta name=\"twitter:label2\" content=\"Est. tempo de leitura\" \/>\n\t<meta name=\"twitter:data2\" content=\"5 minutos\" \/>\n<script type=\"application\/ld+json\" class=\"yoast-schema-graph\">{\"@context\":\"https:\/\/schema.org\",\"@graph\":[{\"@type\":\"Article\",\"@id\":\"https:\/\/uniprof.com.br\/blog\/fanpage-facebook\/#article\",\"isPartOf\":{\"@id\":\"https:\/\/uniprof.com.br\/blog\/fanpage-facebook\/\"},\"author\":{\"name\":\"Brenda Oliveira\",\"@id\":\"https:\/\/uniprof.com.br\/blog\/#\/schema\/person\/11b8bb909f5c483ca0c5c3c62c58f2e4\"},\"headline\":\"Como criar uma fanpage no Facebook\",\"datePublished\":\"2021-09-16T17:43:35+00:00\",\"dateModified\":\"2021-10-06T20:19:26+00:00\",\"mainEntityOfPage\":{\"@id\":\"https:\/\/uniprof.com.br\/blog\/fanpage-facebook\/\"},\"wordCount\":934,\"commentCount\":0,\"publisher\":{\"@id\":\"https:\/\/uniprof.com.br\/blog\/#organization\"},\"image\":{\"@id\":\"https:\/\/uniprof.com.br\/blog\/fanpage-facebook\/#primaryimage\"},\"thumbnailUrl\":\"https:\/\/uniprof.com.br\/blog\/wp-content\/uploads\/2021\/09\/TOPO_BLOG_UNIPROF-2-1.png\",\"keywords\":[\"facebook\",\"fanpage\",\"internet\",\"redes sociais\"],\"articleSection\":[\"Todos\"],\"inLanguage\":\"pt-BR\",\"potentialAction\":[{\"@type\":\"CommentAction\",\"name\":\"Comment\",\"target\":[\"https:\/\/uniprof.com.br\/blog\/fanpage-facebook\/#respond\"]}]},{\"@type\":\"WebPage\",\"@id\":\"https:\/\/uniprof.com.br\/blog\/fanpage-facebook\/\",\"url\":\"https:\/\/uniprof.com.br\/blog\/fanpage-facebook\/\",\"name\":\"Como criar uma fanpage no Facebook [Guia Completo]\",\"isPartOf\":{\"@id\":\"https:\/\/uniprof.com.br\/blog\/#website\"},\"primaryImageOfPage\":{\"@id\":\"https:\/\/uniprof.com.br\/blog\/fanpage-facebook\/#primaryimage\"},\"image\":{\"@id\":\"https:\/\/uniprof.com.br\/blog\/fanpage-facebook\/#primaryimage\"},\"thumbnailUrl\":\"https:\/\/uniprof.com.br\/blog\/wp-content\/uploads\/2021\/09\/TOPO_BLOG_UNIPROF-2-1.png\",\"datePublished\":\"2021-09-16T17:43:35+00:00\",\"dateModified\":\"2021-10-06T20:19:26+00:00\",\"description\":\"Saiba a import\u00e2ncia de ter uma fanpage, dicas de como fazer o seu an\u00fancio trabalhar por voc\u00ea , o que \u00e9 preciso e quais s\u00e3o as possibilidades.\",\"breadcrumb\":{\"@id\":\"https:\/\/uniprof.com.br\/blog\/fanpage-facebook\/#breadcrumb\"},\"inLanguage\":\"pt-BR\",\"potentialAction\":[{\"@type\":\"ReadAction\",\"target\":[\"https:\/\/uniprof.com.br\/blog\/fanpage-facebook\/\"]}]},{\"@type\":\"ImageObject\",\"inLanguage\":\"pt-BR\",\"@id\":\"https:\/\/uniprof.com.br\/blog\/fanpage-facebook\/#primaryimage\",\"url\":\"https:\/\/uniprof.com.br\/blog\/wp-content\/uploads\/2021\/09\/TOPO_BLOG_UNIPROF-2-1.png\",\"contentUrl\":\"https:\/\/uniprof.com.br\/blog\/wp-content\/uploads\/2021\/09\/TOPO_BLOG_UNIPROF-2-1.png\",\"width\":2240,\"height\":1260},{\"@type\":\"BreadcrumbList\",\"@id\":\"https:\/\/uniprof.com.br\/blog\/fanpage-facebook\/#breadcrumb\",\"itemListElement\":[{\"@type\":\"ListItem\",\"position\":1,\"name\":\"In\u00edcio\",\"item\":\"https:\/\/uniprof.com.br\/blog\/\"},{\"@type\":\"ListItem\",\"position\":2,\"name\":\"Como criar uma fanpage no Facebook\"}]},{\"@type\":\"WebSite\",\"@id\":\"https:\/\/uniprof.com.br\/blog\/#website\",\"url\":\"https:\/\/uniprof.com.br\/blog\/\",\"name\":\"UniPROF | Novidades, estudos e atualiza\u00e7\u00f5es\",\"description\":\"\",\"publisher\":{\"@id\":\"https:\/\/uniprof.com.br\/blog\/#organization\"},\"potentialAction\":[{\"@type\":\"SearchAction\",\"target\":{\"@type\":\"EntryPoint\",\"urlTemplate\":\"https:\/\/uniprof.com.br\/blog\/?s={search_term_string}\"},\"query-input\":{\"@type\":\"PropertyValueSpecification\",\"valueRequired\":true,\"valueName\":\"search_term_string\"}}],\"inLanguage\":\"pt-BR\"},{\"@type\":\"Organization\",\"@id\":\"https:\/\/uniprof.com.br\/blog\/#organization\",\"name\":\"UniPROF\",\"url\":\"https:\/\/uniprof.com.br\/blog\/\",\"logo\":{\"@type\":\"ImageObject\",\"inLanguage\":\"pt-BR\",\"@id\":\"https:\/\/uniprof.com.br\/blog\/#\/schema\/logo\/image\/\",\"url\":\"https:\/\/uniprof.com.br\/blog\/wp-content\/uploads\/2026\/01\/cropped-cropped-3.png\",\"contentUrl\":\"https:\/\/uniprof.com.br\/blog\/wp-content\/uploads\/2026\/01\/cropped-cropped-3.png\",\"width\":512,\"height\":512,\"caption\":\"UniPROF\"},\"image\":{\"@id\":\"https:\/\/uniprof.com.br\/blog\/#\/schema\/logo\/image\/\"},\"sameAs\":[\"https:\/\/www.facebook.com\/uniprof.oficial\",\"https:\/\/www.instagram.com\/uniprof.oficial\",\"https:\/\/www.linkedin.com\/company\/escolauniprof\/\",\"https:\/\/www.youtube.com\/@uniprof.oficial\",\"https:\/\/www.linkedin.com\/company\/uniprofoficial\/?viewAsMember=true\"]},{\"@type\":\"Person\",\"@id\":\"https:\/\/uniprof.com.br\/blog\/#\/schema\/person\/11b8bb909f5c483ca0c5c3c62c58f2e4\",\"name\":\"Brenda Oliveira\",\"image\":{\"@type\":\"ImageObject\",\"inLanguage\":\"pt-BR\",\"@id\":\"https:\/\/uniprof.com.br\/blog\/#\/schema\/person\/image\/\",\"url\":\"https:\/\/secure.gravatar.com\/avatar\/dfffb02fade98f6c5a170865f71d634098385609c0e64f9cb6e455e419063802?s=96&d=mm&r=g\",\"contentUrl\":\"https:\/\/secure.gravatar.com\/avatar\/dfffb02fade98f6c5a170865f71d634098385609c0e64f9cb6e455e419063802?s=96&d=mm&r=g\",\"caption\":\"Brenda Oliveira\"}}]}<\/script>\n<!-- \/ Yoast SEO plugin. -->","yoast_head_json":{"title":"Como criar uma fanpage no Facebook [Guia Completo]","description":"Saiba a import\u00e2ncia de ter uma fanpage, dicas de como fazer o seu an\u00fancio trabalhar por voc\u00ea , o que \u00e9 preciso e quais s\u00e3o as possibilidades.","robots":{"index":"index","follow":"follow","max-snippet":"max-snippet:-1","max-image-preview":"max-image-preview:large","max-video-preview":"max-video-preview:-1"},"canonical":"https:\/\/uniprof.com.br\/blog\/fanpage-facebook\/","og_locale":"pt_BR","og_type":"article","og_title":"Como criar uma fanpage no Facebook [Guia Completo]","og_description":"Saiba a import\u00e2ncia de ter uma fanpage, dicas de como fazer o seu an\u00fancio trabalhar por voc\u00ea , o que \u00e9 preciso e quais s\u00e3o as possibilidades.","og_url":"https:\/\/uniprof.com.br\/blog\/fanpage-facebook\/","og_site_name":"UniPROF | Novidades, estudos e atualiza\u00e7\u00f5es","article_publisher":"https:\/\/www.facebook.com\/uniprof.oficial","article_published_time":"2021-09-16T17:43:35+00:00","article_modified_time":"2021-10-06T20:19:26+00:00","og_image":[{"width":2240,"height":1260,"url":"https:\/\/uniprof.com.br\/blog\/wp-content\/uploads\/2021\/09\/TOPO_BLOG_UNIPROF-2-1.png","type":"image\/png"}],"author":"Brenda Oliveira","twitter_card":"summary_large_image","twitter_misc":{"Escrito por":"Brenda Oliveira","Est. tempo de leitura":"5 minutos"},"schema":{"@context":"https:\/\/schema.org","@graph":[{"@type":"Article","@id":"https:\/\/uniprof.com.br\/blog\/fanpage-facebook\/#article","isPartOf":{"@id":"https:\/\/uniprof.com.br\/blog\/fanpage-facebook\/"},"author":{"name":"Brenda Oliveira","@id":"https:\/\/uniprof.com.br\/blog\/#\/schema\/person\/11b8bb909f5c483ca0c5c3c62c58f2e4"},"headline":"Como criar uma fanpage no Facebook","datePublished":"2021-09-16T17:43:35+00:00","dateModified":"2021-10-06T20:19:26+00:00","mainEntityOfPage":{"@id":"https:\/\/uniprof.com.br\/blog\/fanpage-facebook\/"},"wordCount":934,"commentCount":0,"publisher":{"@id":"https:\/\/uniprof.com.br\/blog\/#organization"},"image":{"@id":"https:\/\/uniprof.com.br\/blog\/fanpage-facebook\/#primaryimage"},"thumbnailUrl":"https:\/\/uniprof.com.br\/blog\/wp-content\/uploads\/2021\/09\/TOPO_BLOG_UNIPROF-2-1.png","keywords":["facebook","fanpage","internet","redes sociais"],"articleSection":["Todos"],"inLanguage":"pt-BR","potentialAction":[{"@type":"CommentAction","name":"Comment","target":["https:\/\/uniprof.com.br\/blog\/fanpage-facebook\/#respond"]}]},{"@type":"WebPage","@id":"https:\/\/uniprof.com.br\/blog\/fanpage-facebook\/","url":"https:\/\/uniprof.com.br\/blog\/fanpage-facebook\/","name":"Como criar uma fanpage no Facebook [Guia Completo]","isPartOf":{"@id":"https:\/\/uniprof.com.br\/blog\/#website"},"primaryImageOfPage":{"@id":"https:\/\/uniprof.com.br\/blog\/fanpage-facebook\/#primaryimage"},"image":{"@id":"https:\/\/uniprof.com.br\/blog\/fanpage-facebook\/#primaryimage"},"thumbnailUrl":"https:\/\/uniprof.com.br\/blog\/wp-content\/uploads\/2021\/09\/TOPO_BLOG_UNIPROF-2-1.png","datePublished":"2021-09-16T17:43:35+00:00","dateModified":"2021-10-06T20:19:26+00:00","description":"Saiba a import\u00e2ncia de ter uma fanpage, dicas de como fazer o seu an\u00fancio trabalhar por voc\u00ea , o que \u00e9 preciso e quais s\u00e3o as possibilidades.","breadcrumb":{"@id":"https:\/\/uniprof.com.br\/blog\/fanpage-facebook\/#breadcrumb"},"inLanguage":"pt-BR","potentialAction":[{"@type":"ReadAction","target":["https:\/\/uniprof.com.br\/blog\/fanpage-facebook\/"]}]},{"@type":"ImageObject","inLanguage":"pt-BR","@id":"https:\/\/uniprof.com.br\/blog\/fanpage-facebook\/#primaryimage","url":"https:\/\/uniprof.com.br\/blog\/wp-content\/uploads\/2021\/09\/TOPO_BLOG_UNIPROF-2-1.png","contentUrl":"https:\/\/uniprof.com.br\/blog\/wp-content\/uploads\/2021\/09\/TOPO_BLOG_UNIPROF-2-1.png","width":2240,"height":1260},{"@type":"BreadcrumbList","@id":"https:\/\/uniprof.com.br\/blog\/fanpage-facebook\/#breadcrumb","itemListElement":[{"@type":"ListItem","position":1,"name":"In\u00edcio","item":"https:\/\/uniprof.com.br\/blog\/"},{"@type":"ListItem","position":2,"name":"Como criar uma fanpage no Facebook"}]},{"@type":"WebSite","@id":"https:\/\/uniprof.com.br\/blog\/#website","url":"https:\/\/uniprof.com.br\/blog\/","name":"UniPROF | Novidades, estudos e atualiza\u00e7\u00f5es","description":"","publisher":{"@id":"https:\/\/uniprof.com.br\/blog\/#organization"},"potentialAction":[{"@type":"SearchAction","target":{"@type":"EntryPoint","urlTemplate":"https:\/\/uniprof.com.br\/blog\/?s={search_term_string}"},"query-input":{"@type":"PropertyValueSpecification","valueRequired":true,"valueName":"search_term_string"}}],"inLanguage":"pt-BR"},{"@type":"Organization","@id":"https:\/\/uniprof.com.br\/blog\/#organization","name":"UniPROF","url":"https:\/\/uniprof.com.br\/blog\/","logo":{"@type":"ImageObject","inLanguage":"pt-BR","@id":"https:\/\/uniprof.com.br\/blog\/#\/schema\/logo\/image\/","url":"https:\/\/uniprof.com.br\/blog\/wp-content\/uploads\/2026\/01\/cropped-cropped-3.png","contentUrl":"https:\/\/uniprof.com.br\/blog\/wp-content\/uploads\/2026\/01\/cropped-cropped-3.png","width":512,"height":512,"caption":"UniPROF"},"image":{"@id":"https:\/\/uniprof.com.br\/blog\/#\/schema\/logo\/image\/"},"sameAs":["https:\/\/www.facebook.com\/uniprof.oficial","https:\/\/www.instagram.com\/uniprof.oficial","https:\/\/www.linkedin.com\/company\/escolauniprof\/","https:\/\/www.youtube.com\/@uniprof.oficial","https:\/\/www.linkedin.com\/company\/uniprofoficial\/?viewAsMember=true"]},{"@type":"Person","@id":"https:\/\/uniprof.com.br\/blog\/#\/schema\/person\/11b8bb909f5c483ca0c5c3c62c58f2e4","name":"Brenda Oliveira","image":{"@type":"ImageObject","inLanguage":"pt-BR","@id":"https:\/\/uniprof.com.br\/blog\/#\/schema\/person\/image\/","url":"https:\/\/secure.gravatar.com\/avatar\/dfffb02fade98f6c5a170865f71d634098385609c0e64f9cb6e455e419063802?s=96&d=mm&r=g","contentUrl":"https:\/\/secure.gravatar.com\/avatar\/dfffb02fade98f6c5a170865f71d634098385609c0e64f9cb6e455e419063802?s=96&d=mm&r=g","caption":"Brenda Oliveira"}}]}},"_links":{"self":[{"href":"https:\/\/uniprof.com.br\/blog\/wp-json\/wp\/v2\/posts\/907","targetHints":{"allow":["GET"]}}],"collection":[{"href":"https:\/\/uniprof.com.br\/blog\/wp-json\/wp\/v2\/posts"}],"about":[{"href":"https:\/\/uniprof.com.br\/blog\/wp-json\/wp\/v2\/types\/post"}],"author":[{"embeddable":true,"href":"https:\/\/uniprof.com.br\/blog\/wp-json\/wp\/v2\/users\/3"}],"replies":[{"embeddable":true,"href":"https:\/\/uniprof.com.br\/blog\/wp-json\/wp\/v2\/comments?post=907"}],"version-history":[{"count":1,"href":"https:\/\/uniprof.com.br\/blog\/wp-json\/wp\/v2\/posts\/907\/revisions"}],"predecessor-version":[{"id":909,"href":"https:\/\/uniprof.com.br\/blog\/wp-json\/wp\/v2\/posts\/907\/revisions\/909"}],"wp:featuredmedia":[{"embeddable":true,"href":"https:\/\/uniprof.com.br\/blog\/wp-json\/wp\/v2\/media\/908"}],"wp:attachment":[{"href":"https:\/\/uniprof.com.br\/blog\/wp-json\/wp\/v2\/media?parent=907"}],"wp:term":[{"taxonomy":"category","embeddable":true,"href":"https:\/\/uniprof.com.br\/blog\/wp-json\/wp\/v2\/categories?post=907"},{"taxonomy":"post_tag","embeddable":true,"href":"https:\/\/uniprof.com.br\/blog\/wp-json\/wp\/v2\/tags?post=907"}],"curies":[{"name":"wp","href":"https:\/\/api.w.org\/{rel}","templated":true}]}}