{"id":925,"date":"2021-09-20T17:47:26","date_gmt":"2021-09-20T17:47:26","guid":{"rendered":"https:\/\/blog.uniprof.com.br\/?p=925"},"modified":"2021-10-06T20:19:25","modified_gmt":"2021-10-06T20:19:25","slug":"profissao-cuidador-de-idosos","status":"publish","type":"post","link":"https:\/\/uniprof.com.br\/blog\/profissao-cuidador-de-idosos\/","title":{"rendered":"Por que investir na profiss\u00e3o de cuidador de idosos?"},"content":{"rendered":"<div id=\"bsf_rt_marker\"><\/div>\n<p>Por que eu deveria investir na profiss\u00e3o de <strong>cuidador de idosos<\/strong>?<\/p>\n\n\n\n<p>Primeiramente, porque hoje esta fun\u00e7\u00e3o \u00e9 regulamentada e caracteriza uma profiss\u00e3o, mas, al\u00e9m disso, porque \u00e9 uma <strong>profiss\u00e3o que vem ganhando muito espa\u00e7o no mercado de trabalho<\/strong>.<\/p>\n\n\n\n<p>O brasileiro est\u00e1 vivendo mais e com isso a necessidade de ter profissionais preparados para ajud\u00e1-los em suas defici\u00eancias adquiridas aumenta cada vez mais.<\/p>\n\n\n\n<p>O que todos esperamos \u00e9 ter uma velhice saud\u00e1vel, sem limita\u00e7\u00f5es de locomo\u00e7\u00e3o ou de qualquer outro tipo, mas nem sempre isso \u00e9 poss\u00edvel, <strong>e acabamos por precisar da ajuda de uma outra pessoa para os cuidados b\u00e1sicos, como a higiene e alimenta\u00e7\u00e3o.<\/strong><\/p>\n\n\n\n<p>Para atuar como <strong>cuidador de idosos \u00e9 preciso antes de qualquer coisa gostar de pessoas<\/strong>, gostar de ajudar pessoas, sobretudo de pessoas que j\u00e1 n\u00e3o conseguem mais ter a mesma mobilidade e agilidade de antes.<\/p>\n\n\n\n<p>Al\u00e9m disso, \u00e9 preciso fazer um <a href=\"https:\/\/uniprof.com.br\/curso\/cuidador-de-idosos\/?utm_source=blog&amp;utm_medium=artigo&amp;utm_campaign=blog&amp;utm_term=cuidador_de_idosos\">curso de cuidador de idosos<\/a> para poder atuar na \u00e1rea como profissional.<\/p>\n\n\n\n<p>Quem optar por essa profiss\u00e3o, saiba que o mercado de trabalho est\u00e1 crescendo muito e isso se deve a baixa taxa de mortalidade dos idosos.<\/p>\n\n\n\n<p>Mas o que \u00e9 <strong>preciso para ser um cuidador de idosos<\/strong>?<\/p>\n\n\n\n<h2 class=\"wp-block-heading\"><strong>Realiza\u00e7\u00e3o de bons cursos para qualifica\u00e7\u00e3o<\/strong><\/h2>\n\n\n\n<p><a href=\"https:\/\/uniprof.com.br\/curso\/cuidador-de-idosos\/?utm_source=blog&amp;utm_medium=artigo&amp;utm_campaign=blog&amp;utm_term=cuidador_de_idosos\">Cursos de especializa\u00e7\u00e3o e capacita\u00e7\u00e3o<\/a> s\u00e3o fundamentais, n\u00e3o basta apenas querer cuidar de algu\u00e9m, \u00e9 preciso saber como cuidar.<\/p>\n\n\n\n<p>Alguns idosos sofrem de doen\u00e7as cr\u00f4nicas e v\u00e3o precisar de cuidados por muito tempo e no geral estes cuidados s\u00e3o espec\u00edficos, outros est\u00e3o em recupera\u00e7\u00e3o ap\u00f3s o acometimento de uma doen\u00e7a.<\/p>\n\n\n\n<p>\u00c9 preciso, portanto, <strong>entender que tipo de cuidado este idoso precisa e por quanto tempo<\/strong>.<\/p>\n\n\n\n<p><strong>Por isso, n\u00e3o fa\u00e7a qualquer curso, escolha o melhor<\/strong>, isto ir\u00e1 garantir a qualidade da sua capacita\u00e7\u00e3o.<\/p>\n\n\n\n<div class=\"wp-block-image\"><figure class=\"aligncenter size-large is-resized\"><img fetchpriority=\"high\" decoding=\"async\" src=\"https:\/\/images.pexels.com\/photos\/339620\/pexels-photo-339620.jpeg?auto=compress&amp;cs=tinysrgb&amp;dpr=2&amp;h=650&amp;w=940\" alt=\"\" width=\"742\" height=\"417\"\/><\/figure><\/div>\n\n\n\n<h2 class=\"wp-block-heading\"><strong>Mercado de trabalho<\/strong><\/h2>\n\n\n\n<p>Os brasileiros est\u00e3o vivendo mais, e com isso, surge a necessidade de ter pessoas qualificadas para cuidar deles.<\/p>\n\n\n\n<p>Geralmente a fam\u00edlia do idoso trabalha o tempo todo e n\u00e3o consegue atender \u00e0s suas necessidades, por isso <strong>contratam um cuidador para cuidar de seus pais, av\u00f3s, enfim dos idosos de sua fam\u00edlia.\u00a0<\/strong><\/p>\n\n\n\n<p>Segundo o IBGE (Instituto Brasileiro de Geografia e Estat\u00edstica), o total de indiv\u00edduos com mais de 60 anos, deve mais que dobrar em 2050, o percentual de pessoas na terceira idade deve saltar de 9,5% para 21,8%, ou seja, <strong>a popula\u00e7\u00e3o de idosos deve ultrapassar a marca de 40 milh\u00f5es.<\/strong><\/p>\n\n\n\n<p>O que indica uma necessidade muito grande de pessoas que <strong>sejam cuidadores de idosos.<\/strong><\/p>\n\n\n\n<h2 class=\"wp-block-heading\"><strong>Qualifica\u00e7\u00e3o e especializa\u00e7\u00e3o em outras \u00e1reas<\/strong><\/h2>\n\n\n\n<p>A qualifica\u00e7\u00e3o b\u00e1sica para ser<strong> cuidador de idosos \u00e9 apenas o in\u00edcio se quiser realmente fazer carreira<\/strong> e se estabilizar como cuidador.<\/p>\n\n\n\n<p>O que encontramos no mercado hoje s\u00e3o <strong>profissionais multidisciplinares<\/strong> que s\u00e3o treinados para outras \u00e1reas, como legisla\u00e7\u00e3o, psicologia, primeiros socorros, nutri\u00e7\u00e3o e reanima\u00e7\u00e3o card\u00edaca, isso porque o paciente precisa de muito mais do que algu\u00e9m que o alimente.<\/p>\n\n\n\n<p><strong>Se voc\u00ea escolheu ser cuidador de idosos<\/strong>, se prepare para uma vida cheia de qualifica\u00e7\u00f5es e aprendizados.<\/p>\n\n\n\n<h2 class=\"wp-block-heading\"><strong>Onde conseguir trabalho<\/strong><\/h2>\n\n\n\n<p>N\u00e3o ser\u00e1 dif\u00edcil arrumar um trabalho assim que se forme,<strong> hospitais, asilos, atendimentos particulares e at\u00e9 ag\u00eancias especializadas neste tipo de profiss\u00e3o<\/strong>, oferecem vagas para quem j\u00e1 se formou e est\u00e1 pronto para iniciar.<\/p>\n\n\n\n<p>Entretanto, apesar do mercado estar superaquecido para esta profiss\u00e3o, n\u00e3o custa usar suas <a href=\"https:\/\/blog.uniprof.com.br\/servicos-nas-redes-sociais\/?utm_source=blog&amp;utm_medium=artigo&amp;utm_campaign=blog&amp;utm_term=cuidador_de_idosos\">redes sociais<\/a> para fazer a divulga\u00e7\u00e3o da sua profiss\u00e3o.<\/p>\n\n\n\n<p><a href=\"https:\/\/uniprof.com.br\/?utm_source=blog&amp;utm_medium=artigo&amp;utm_campaign=blog&amp;utm_term=cuidador_de_idosos\"><strong>A UniPROF tem v\u00e1rios cursos<\/strong><\/a> para te ajudar neste in\u00edcio, cursos de como postar e publicar em redes sociais, ou ainda como criar uma conta empresarial e muito mais, tudo para que voc\u00ea tenha por onde come\u00e7ar a sua carreira.<\/p>\n\n\n\n<p>Retiramos uma v\u00eddeo aula do curso cuidador de idosos para que voc\u00ea possa ter uma ideia do que \u00e9 a profiss\u00e3o, o que esperar dela e como atuar da melhor forma, assista:<\/p>\n\n\n\n<figure class=\"wp-block-embed aligncenter is-type-video is-provider-youtube wp-block-embed-youtube wp-embed-aspect-16-9 wp-has-aspect-ratio\"><div class=\"wp-block-embed__wrapper\">\n<iframe title=\"COMO ATUAR COMO CUIDADOR DE IDOSOS\" width=\"500\" height=\"281\" src=\"https:\/\/www.youtube.com\/embed\/9UfE3vaaV8M?feature=oembed\" frameborder=\"0\" allow=\"accelerometer; autoplay; clipboard-write; encrypted-media; gyroscope; picture-in-picture; web-share\" referrerpolicy=\"strict-origin-when-cross-origin\" allowfullscreen><\/iframe>\n<\/div><\/figure>\n\n\n\n<h2 class=\"wp-block-heading\"><strong>Muito mais que uma carreira<\/strong><\/h2>\n\n\n\n<p>Cuidar de idosos \u00e9 muito mais que uma carreira, \u00e9 uma doa\u00e7\u00e3o constante de paci\u00eancia, boa vontade, amor, compreens\u00e3o, que s\u00e3o sentimentos que fazem com que o trabalho de fato seja diferenciado dos demais.<\/p>\n\n\n\n<p>Mas, n\u00e3o basta apenas gostar de cuidar \u00e9 preciso saber como fazer, o amor e o carinho que a profiss\u00e3o exige n\u00e3o pode ser ensinado por ningu\u00e9m, mas as t\u00e9cnicas para um bom cuidado estas podem e s\u00e3o passadas em nossos cursos.<\/p>\n\n\n\n<p><a href=\"https:\/\/uniprof.com.br\/?utm_source=blog&amp;utm_medium=artigo&amp;utm_campaign=blog&amp;utm_term=cuidador_de_idosos\">Visite o nosso site,<\/a> veja os cursos que oferecemos, veja mais sobre o curso de cuidador de idosos.<\/p>\n\n\n\n<p><a href=\"https:\/\/uniprof.com.br\/curso\/cuidador-de-idosos\/?utm_source=blog&amp;utm_medium=artigo&amp;utm_campaign=blog&amp;utm_term=cuidador_de_idosos\">Inscreva-se agora<\/a> e n\u00e3o perca mais tempo, comece ainda hoje o curso que pode mudar a sua vida.<\/p>\n\n\n\n<p>A <a href=\"https:\/\/uniprof.com.br\/?utm_source=blog&amp;utm_medium=artigo&amp;utm_campaign=blog&amp;utm_term=cuidador_de_idosos\">UniPROF<\/a> aguarda por sua visita e caso tenha alguma d\u00favida \u00e9 s\u00f3 entrar em contato com a gente.<\/p>\n\n\n\n<div class=\"wp-block-image\"><figure class=\"aligncenter size-full\"><a href=\"https:\/\/uniprof.com.br\/?utm_source=blog&amp;utm_medium=banner&amp;utm_campaign=blog&amp;utm_term=cuidador_de_idosos\"><img decoding=\"async\" width=\"750\" height=\"200\" src=\"https:\/\/blog.uniprof.com.br\/wp-content\/uploads\/2021\/07\/Use-o-cupom-UNIPROF2021-e-ganhe-5-de-desconto-3-3.png\" alt=\"\" class=\"wp-image-769\" srcset=\"https:\/\/uniprof.com.br\/blog\/wp-content\/uploads\/2021\/07\/Use-o-cupom-UNIPROF2021-e-ganhe-5-de-desconto-3-3.png 750w, https:\/\/uniprof.com.br\/blog\/wp-content\/uploads\/2021\/07\/Use-o-cupom-UNIPROF2021-e-ganhe-5-de-desconto-3-3-300x80.png 300w\" sizes=\"(max-width: 750px) 100vw, 750px\" \/><\/a><\/figure><\/div>\n","protected":false},"excerpt":{"rendered":"<p>Voc\u00ea j\u00e1 pensou na possibilidade de ser um cuidador de idosos? Voc\u00ea sabia que esta \u00e9 hoje uma profiss\u00e3o que cresce muito no mercado? Veja este artigo que preparamos para voc\u00ea, falamos sobre cursos e cuidados que a pessoa precisa ter para ser e atuar nesta \u00e1rea. <\/p>\n","protected":false},"author":3,"featured_media":926,"comment_status":"open","ping_status":"open","sticky":false,"template":"","format":"standard","meta":{"site-sidebar-layout":"default","site-content-layout":"","ast-site-content-layout":"default","site-content-style":"default","site-sidebar-style":"default","ast-global-header-display":"","ast-banner-title-visibility":"","ast-main-header-display":"","ast-hfb-above-header-display":"","ast-hfb-below-header-display":"","ast-hfb-mobile-header-display":"","site-post-title":"","ast-breadcrumbs-content":"","ast-featured-img":"","footer-sml-layout":"","ast-disable-related-posts":"","theme-transparent-header-meta":"","adv-header-id-meta":"","stick-header-meta":"","header-above-stick-meta":"","header-main-stick-meta":"","header-below-stick-meta":"","astra-migrate-meta-layouts":"default","ast-page-background-enabled":"default","ast-page-background-meta":{"desktop":{"background-color":"var(--ast-global-color-5)","background-image":"","background-repeat":"repeat","background-position":"center center","background-size":"auto","background-attachment":"scroll","background-type":"","background-media":"","overlay-type":"","overlay-color":"","overlay-opacity":"","overlay-gradient":""},"tablet":{"background-color":"","background-image":"","background-repeat":"repeat","background-position":"center center","background-size":"auto","background-attachment":"scroll","background-type":"","background-media":"","overlay-type":"","overlay-color":"","overlay-opacity":"","overlay-gradient":""},"mobile":{"background-color":"","background-image":"","background-repeat":"repeat","background-position":"center center","background-size":"auto","background-attachment":"scroll","background-type":"","background-media":"","overlay-type":"","overlay-color":"","overlay-opacity":"","overlay-gradient":""}},"ast-content-background-meta":{"desktop":{"background-color":"var(--ast-global-color-4)","background-image":"","background-repeat":"repeat","background-position":"center center","background-size":"auto","background-attachment":"scroll","background-type":"","background-media":"","overlay-type":"","overlay-color":"","overlay-opacity":"","overlay-gradient":""},"tablet":{"background-color":"var(--ast-global-color-4)","background-image":"","background-repeat":"repeat","background-position":"center center","background-size":"auto","background-attachment":"scroll","background-type":"","background-media":"","overlay-type":"","overlay-color":"","overlay-opacity":"","overlay-gradient":""},"mobile":{"background-color":"var(--ast-global-color-4)","background-image":"","background-repeat":"repeat","background-position":"center center","background-size":"auto","background-attachment":"scroll","background-type":"","background-media":"","overlay-type":"","overlay-color":"","overlay-opacity":"","overlay-gradient":""}},"footnotes":""},"categories":[30,92],"tags":[119,53,117],"class_list":["post-925","post","type-post","status-publish","format-standard","has-post-thumbnail","hentry","category-saude","category-todos","tag-cuidador-de-idosos","tag-profissao","tag-saude"],"yoast_head":"<!-- This site is optimized with the Yoast SEO plugin v26.8 - https:\/\/yoast.com\/product\/yoast-seo-wordpress\/ -->\n<title>Por que investir na profiss\u00e3o de cuidador de idosos?<\/title>\n<meta name=\"description\" content=\"Veja este artigo que preparamos para voc\u00ea, falamos sobre cursos e cuidados que a pessoa precisa ter para ser e atuar como cuidador de idosos.\" \/>\n<meta name=\"robots\" content=\"index, follow, max-snippet:-1, max-image-preview:large, max-video-preview:-1\" \/>\n<link rel=\"canonical\" href=\"https:\/\/uniprof.com.br\/blog\/profissao-cuidador-de-idosos\/\" \/>\n<meta property=\"og:locale\" content=\"pt_BR\" \/>\n<meta property=\"og:type\" content=\"article\" \/>\n<meta property=\"og:title\" content=\"Por que investir na profiss\u00e3o de cuidador de idosos?\" \/>\n<meta property=\"og:description\" content=\"Veja este artigo que preparamos para voc\u00ea, falamos sobre cursos e cuidados que a pessoa precisa ter para ser e atuar como cuidador de idosos.\" \/>\n<meta property=\"og:url\" content=\"https:\/\/uniprof.com.br\/blog\/profissao-cuidador-de-idosos\/\" \/>\n<meta property=\"og:site_name\" content=\"UniPROF | Novidades, estudos e atualiza\u00e7\u00f5es\" \/>\n<meta property=\"article:publisher\" content=\"https:\/\/www.facebook.com\/uniprof.oficial\" \/>\n<meta property=\"article:published_time\" content=\"2021-09-20T17:47:26+00:00\" \/>\n<meta property=\"article:modified_time\" content=\"2021-10-06T20:19:25+00:00\" \/>\n<meta property=\"og:image\" content=\"https:\/\/uniprof.com.br\/blog\/wp-content\/uploads\/2021\/09\/TOPO_BLOG_UNIPROF-3.png\" \/>\n\t<meta property=\"og:image:width\" content=\"2240\" \/>\n\t<meta property=\"og:image:height\" content=\"1260\" \/>\n\t<meta property=\"og:image:type\" content=\"image\/png\" \/>\n<meta name=\"author\" content=\"Brenda Oliveira\" \/>\n<meta name=\"twitter:card\" content=\"summary_large_image\" \/>\n<meta name=\"twitter:label1\" content=\"Escrito por\" \/>\n\t<meta name=\"twitter:data1\" content=\"Brenda Oliveira\" \/>\n\t<meta name=\"twitter:label2\" content=\"Est. tempo de leitura\" \/>\n\t<meta name=\"twitter:data2\" content=\"4 minutos\" \/>\n<script type=\"application\/ld+json\" class=\"yoast-schema-graph\">{\"@context\":\"https:\/\/schema.org\",\"@graph\":[{\"@type\":\"Article\",\"@id\":\"https:\/\/uniprof.com.br\/blog\/profissao-cuidador-de-idosos\/#article\",\"isPartOf\":{\"@id\":\"https:\/\/uniprof.com.br\/blog\/profissao-cuidador-de-idosos\/\"},\"author\":{\"name\":\"Brenda Oliveira\",\"@id\":\"https:\/\/uniprof.com.br\/blog\/#\/schema\/person\/11b8bb909f5c483ca0c5c3c62c58f2e4\"},\"headline\":\"Por que investir na profiss\u00e3o de cuidador de idosos?\",\"datePublished\":\"2021-09-20T17:47:26+00:00\",\"dateModified\":\"2021-10-06T20:19:25+00:00\",\"mainEntityOfPage\":{\"@id\":\"https:\/\/uniprof.com.br\/blog\/profissao-cuidador-de-idosos\/\"},\"wordCount\":829,\"commentCount\":0,\"publisher\":{\"@id\":\"https:\/\/uniprof.com.br\/blog\/#organization\"},\"image\":{\"@id\":\"https:\/\/uniprof.com.br\/blog\/profissao-cuidador-de-idosos\/#primaryimage\"},\"thumbnailUrl\":\"https:\/\/uniprof.com.br\/blog\/wp-content\/uploads\/2021\/09\/TOPO_BLOG_UNIPROF-3.png\",\"keywords\":[\"cuidador de idosos\",\"profiss\u00e3o\",\"sa\u00fade\"],\"articleSection\":[\"Sa\u00fade\",\"Todos\"],\"inLanguage\":\"pt-BR\",\"potentialAction\":[{\"@type\":\"CommentAction\",\"name\":\"Comment\",\"target\":[\"https:\/\/uniprof.com.br\/blog\/profissao-cuidador-de-idosos\/#respond\"]}]},{\"@type\":\"WebPage\",\"@id\":\"https:\/\/uniprof.com.br\/blog\/profissao-cuidador-de-idosos\/\",\"url\":\"https:\/\/uniprof.com.br\/blog\/profissao-cuidador-de-idosos\/\",\"name\":\"Por que investir na profiss\u00e3o de cuidador de idosos?\",\"isPartOf\":{\"@id\":\"https:\/\/uniprof.com.br\/blog\/#website\"},\"primaryImageOfPage\":{\"@id\":\"https:\/\/uniprof.com.br\/blog\/profissao-cuidador-de-idosos\/#primaryimage\"},\"image\":{\"@id\":\"https:\/\/uniprof.com.br\/blog\/profissao-cuidador-de-idosos\/#primaryimage\"},\"thumbnailUrl\":\"https:\/\/uniprof.com.br\/blog\/wp-content\/uploads\/2021\/09\/TOPO_BLOG_UNIPROF-3.png\",\"datePublished\":\"2021-09-20T17:47:26+00:00\",\"dateModified\":\"2021-10-06T20:19:25+00:00\",\"description\":\"Veja este artigo que preparamos para voc\u00ea, falamos sobre cursos e cuidados que a pessoa precisa ter para ser e atuar como cuidador de idosos.\",\"breadcrumb\":{\"@id\":\"https:\/\/uniprof.com.br\/blog\/profissao-cuidador-de-idosos\/#breadcrumb\"},\"inLanguage\":\"pt-BR\",\"potentialAction\":[{\"@type\":\"ReadAction\",\"target\":[\"https:\/\/uniprof.com.br\/blog\/profissao-cuidador-de-idosos\/\"]}]},{\"@type\":\"ImageObject\",\"inLanguage\":\"pt-BR\",\"@id\":\"https:\/\/uniprof.com.br\/blog\/profissao-cuidador-de-idosos\/#primaryimage\",\"url\":\"https:\/\/uniprof.com.br\/blog\/wp-content\/uploads\/2021\/09\/TOPO_BLOG_UNIPROF-3.png\",\"contentUrl\":\"https:\/\/uniprof.com.br\/blog\/wp-content\/uploads\/2021\/09\/TOPO_BLOG_UNIPROF-3.png\",\"width\":2240,\"height\":1260},{\"@type\":\"BreadcrumbList\",\"@id\":\"https:\/\/uniprof.com.br\/blog\/profissao-cuidador-de-idosos\/#breadcrumb\",\"itemListElement\":[{\"@type\":\"ListItem\",\"position\":1,\"name\":\"In\u00edcio\",\"item\":\"https:\/\/uniprof.com.br\/blog\/\"},{\"@type\":\"ListItem\",\"position\":2,\"name\":\"Por que investir na profiss\u00e3o de cuidador de idosos?\"}]},{\"@type\":\"WebSite\",\"@id\":\"https:\/\/uniprof.com.br\/blog\/#website\",\"url\":\"https:\/\/uniprof.com.br\/blog\/\",\"name\":\"UniPROF | Novidades, estudos e atualiza\u00e7\u00f5es\",\"description\":\"\",\"publisher\":{\"@id\":\"https:\/\/uniprof.com.br\/blog\/#organization\"},\"potentialAction\":[{\"@type\":\"SearchAction\",\"target\":{\"@type\":\"EntryPoint\",\"urlTemplate\":\"https:\/\/uniprof.com.br\/blog\/?s={search_term_string}\"},\"query-input\":{\"@type\":\"PropertyValueSpecification\",\"valueRequired\":true,\"valueName\":\"search_term_string\"}}],\"inLanguage\":\"pt-BR\"},{\"@type\":\"Organization\",\"@id\":\"https:\/\/uniprof.com.br\/blog\/#organization\",\"name\":\"UniPROF\",\"url\":\"https:\/\/uniprof.com.br\/blog\/\",\"logo\":{\"@type\":\"ImageObject\",\"inLanguage\":\"pt-BR\",\"@id\":\"https:\/\/uniprof.com.br\/blog\/#\/schema\/logo\/image\/\",\"url\":\"https:\/\/uniprof.com.br\/blog\/wp-content\/uploads\/2026\/01\/cropped-cropped-3.png\",\"contentUrl\":\"https:\/\/uniprof.com.br\/blog\/wp-content\/uploads\/2026\/01\/cropped-cropped-3.png\",\"width\":512,\"height\":512,\"caption\":\"UniPROF\"},\"image\":{\"@id\":\"https:\/\/uniprof.com.br\/blog\/#\/schema\/logo\/image\/\"},\"sameAs\":[\"https:\/\/www.facebook.com\/uniprof.oficial\",\"https:\/\/www.instagram.com\/uniprof.oficial\",\"https:\/\/www.linkedin.com\/company\/escolauniprof\/\",\"https:\/\/www.youtube.com\/@uniprof.oficial\",\"https:\/\/www.linkedin.com\/company\/uniprofoficial\/?viewAsMember=true\"]},{\"@type\":\"Person\",\"@id\":\"https:\/\/uniprof.com.br\/blog\/#\/schema\/person\/11b8bb909f5c483ca0c5c3c62c58f2e4\",\"name\":\"Brenda Oliveira\",\"image\":{\"@type\":\"ImageObject\",\"inLanguage\":\"pt-BR\",\"@id\":\"https:\/\/uniprof.com.br\/blog\/#\/schema\/person\/image\/\",\"url\":\"https:\/\/secure.gravatar.com\/avatar\/dfffb02fade98f6c5a170865f71d634098385609c0e64f9cb6e455e419063802?s=96&d=mm&r=g\",\"contentUrl\":\"https:\/\/secure.gravatar.com\/avatar\/dfffb02fade98f6c5a170865f71d634098385609c0e64f9cb6e455e419063802?s=96&d=mm&r=g\",\"caption\":\"Brenda Oliveira\"}}]}<\/script>\n<!-- \/ Yoast SEO plugin. -->","yoast_head_json":{"title":"Por que investir na profiss\u00e3o de cuidador de idosos?","description":"Veja este artigo que preparamos para voc\u00ea, falamos sobre cursos e cuidados que a pessoa precisa ter para ser e atuar como cuidador de idosos.","robots":{"index":"index","follow":"follow","max-snippet":"max-snippet:-1","max-image-preview":"max-image-preview:large","max-video-preview":"max-video-preview:-1"},"canonical":"https:\/\/uniprof.com.br\/blog\/profissao-cuidador-de-idosos\/","og_locale":"pt_BR","og_type":"article","og_title":"Por que investir na profiss\u00e3o de cuidador de idosos?","og_description":"Veja este artigo que preparamos para voc\u00ea, falamos sobre cursos e cuidados que a pessoa precisa ter para ser e atuar como cuidador de idosos.","og_url":"https:\/\/uniprof.com.br\/blog\/profissao-cuidador-de-idosos\/","og_site_name":"UniPROF | Novidades, estudos e atualiza\u00e7\u00f5es","article_publisher":"https:\/\/www.facebook.com\/uniprof.oficial","article_published_time":"2021-09-20T17:47:26+00:00","article_modified_time":"2021-10-06T20:19:25+00:00","og_image":[{"width":2240,"height":1260,"url":"https:\/\/uniprof.com.br\/blog\/wp-content\/uploads\/2021\/09\/TOPO_BLOG_UNIPROF-3.png","type":"image\/png"}],"author":"Brenda Oliveira","twitter_card":"summary_large_image","twitter_misc":{"Escrito por":"Brenda Oliveira","Est. tempo de leitura":"4 minutos"},"schema":{"@context":"https:\/\/schema.org","@graph":[{"@type":"Article","@id":"https:\/\/uniprof.com.br\/blog\/profissao-cuidador-de-idosos\/#article","isPartOf":{"@id":"https:\/\/uniprof.com.br\/blog\/profissao-cuidador-de-idosos\/"},"author":{"name":"Brenda Oliveira","@id":"https:\/\/uniprof.com.br\/blog\/#\/schema\/person\/11b8bb909f5c483ca0c5c3c62c58f2e4"},"headline":"Por que investir na profiss\u00e3o de cuidador de idosos?","datePublished":"2021-09-20T17:47:26+00:00","dateModified":"2021-10-06T20:19:25+00:00","mainEntityOfPage":{"@id":"https:\/\/uniprof.com.br\/blog\/profissao-cuidador-de-idosos\/"},"wordCount":829,"commentCount":0,"publisher":{"@id":"https:\/\/uniprof.com.br\/blog\/#organization"},"image":{"@id":"https:\/\/uniprof.com.br\/blog\/profissao-cuidador-de-idosos\/#primaryimage"},"thumbnailUrl":"https:\/\/uniprof.com.br\/blog\/wp-content\/uploads\/2021\/09\/TOPO_BLOG_UNIPROF-3.png","keywords":["cuidador de idosos","profiss\u00e3o","sa\u00fade"],"articleSection":["Sa\u00fade","Todos"],"inLanguage":"pt-BR","potentialAction":[{"@type":"CommentAction","name":"Comment","target":["https:\/\/uniprof.com.br\/blog\/profissao-cuidador-de-idosos\/#respond"]}]},{"@type":"WebPage","@id":"https:\/\/uniprof.com.br\/blog\/profissao-cuidador-de-idosos\/","url":"https:\/\/uniprof.com.br\/blog\/profissao-cuidador-de-idosos\/","name":"Por que investir na profiss\u00e3o de cuidador de idosos?","isPartOf":{"@id":"https:\/\/uniprof.com.br\/blog\/#website"},"primaryImageOfPage":{"@id":"https:\/\/uniprof.com.br\/blog\/profissao-cuidador-de-idosos\/#primaryimage"},"image":{"@id":"https:\/\/uniprof.com.br\/blog\/profissao-cuidador-de-idosos\/#primaryimage"},"thumbnailUrl":"https:\/\/uniprof.com.br\/blog\/wp-content\/uploads\/2021\/09\/TOPO_BLOG_UNIPROF-3.png","datePublished":"2021-09-20T17:47:26+00:00","dateModified":"2021-10-06T20:19:25+00:00","description":"Veja este artigo que preparamos para voc\u00ea, falamos sobre cursos e cuidados que a pessoa precisa ter para ser e atuar como cuidador de idosos.","breadcrumb":{"@id":"https:\/\/uniprof.com.br\/blog\/profissao-cuidador-de-idosos\/#breadcrumb"},"inLanguage":"pt-BR","potentialAction":[{"@type":"ReadAction","target":["https:\/\/uniprof.com.br\/blog\/profissao-cuidador-de-idosos\/"]}]},{"@type":"ImageObject","inLanguage":"pt-BR","@id":"https:\/\/uniprof.com.br\/blog\/profissao-cuidador-de-idosos\/#primaryimage","url":"https:\/\/uniprof.com.br\/blog\/wp-content\/uploads\/2021\/09\/TOPO_BLOG_UNIPROF-3.png","contentUrl":"https:\/\/uniprof.com.br\/blog\/wp-content\/uploads\/2021\/09\/TOPO_BLOG_UNIPROF-3.png","width":2240,"height":1260},{"@type":"BreadcrumbList","@id":"https:\/\/uniprof.com.br\/blog\/profissao-cuidador-de-idosos\/#breadcrumb","itemListElement":[{"@type":"ListItem","position":1,"name":"In\u00edcio","item":"https:\/\/uniprof.com.br\/blog\/"},{"@type":"ListItem","position":2,"name":"Por que investir na profiss\u00e3o de cuidador de idosos?"}]},{"@type":"WebSite","@id":"https:\/\/uniprof.com.br\/blog\/#website","url":"https:\/\/uniprof.com.br\/blog\/","name":"UniPROF | Novidades, estudos e atualiza\u00e7\u00f5es","description":"","publisher":{"@id":"https:\/\/uniprof.com.br\/blog\/#organization"},"potentialAction":[{"@type":"SearchAction","target":{"@type":"EntryPoint","urlTemplate":"https:\/\/uniprof.com.br\/blog\/?s={search_term_string}"},"query-input":{"@type":"PropertyValueSpecification","valueRequired":true,"valueName":"search_term_string"}}],"inLanguage":"pt-BR"},{"@type":"Organization","@id":"https:\/\/uniprof.com.br\/blog\/#organization","name":"UniPROF","url":"https:\/\/uniprof.com.br\/blog\/","logo":{"@type":"ImageObject","inLanguage":"pt-BR","@id":"https:\/\/uniprof.com.br\/blog\/#\/schema\/logo\/image\/","url":"https:\/\/uniprof.com.br\/blog\/wp-content\/uploads\/2026\/01\/cropped-cropped-3.png","contentUrl":"https:\/\/uniprof.com.br\/blog\/wp-content\/uploads\/2026\/01\/cropped-cropped-3.png","width":512,"height":512,"caption":"UniPROF"},"image":{"@id":"https:\/\/uniprof.com.br\/blog\/#\/schema\/logo\/image\/"},"sameAs":["https:\/\/www.facebook.com\/uniprof.oficial","https:\/\/www.instagram.com\/uniprof.oficial","https:\/\/www.linkedin.com\/company\/escolauniprof\/","https:\/\/www.youtube.com\/@uniprof.oficial","https:\/\/www.linkedin.com\/company\/uniprofoficial\/?viewAsMember=true"]},{"@type":"Person","@id":"https:\/\/uniprof.com.br\/blog\/#\/schema\/person\/11b8bb909f5c483ca0c5c3c62c58f2e4","name":"Brenda Oliveira","image":{"@type":"ImageObject","inLanguage":"pt-BR","@id":"https:\/\/uniprof.com.br\/blog\/#\/schema\/person\/image\/","url":"https:\/\/secure.gravatar.com\/avatar\/dfffb02fade98f6c5a170865f71d634098385609c0e64f9cb6e455e419063802?s=96&d=mm&r=g","contentUrl":"https:\/\/secure.gravatar.com\/avatar\/dfffb02fade98f6c5a170865f71d634098385609c0e64f9cb6e455e419063802?s=96&d=mm&r=g","caption":"Brenda Oliveira"}}]}},"_links":{"self":[{"href":"https:\/\/uniprof.com.br\/blog\/wp-json\/wp\/v2\/posts\/925","targetHints":{"allow":["GET"]}}],"collection":[{"href":"https:\/\/uniprof.com.br\/blog\/wp-json\/wp\/v2\/posts"}],"about":[{"href":"https:\/\/uniprof.com.br\/blog\/wp-json\/wp\/v2\/types\/post"}],"author":[{"embeddable":true,"href":"https:\/\/uniprof.com.br\/blog\/wp-json\/wp\/v2\/users\/3"}],"replies":[{"embeddable":true,"href":"https:\/\/uniprof.com.br\/blog\/wp-json\/wp\/v2\/comments?post=925"}],"version-history":[{"count":1,"href":"https:\/\/uniprof.com.br\/blog\/wp-json\/wp\/v2\/posts\/925\/revisions"}],"predecessor-version":[{"id":927,"href":"https:\/\/uniprof.com.br\/blog\/wp-json\/wp\/v2\/posts\/925\/revisions\/927"}],"wp:featuredmedia":[{"embeddable":true,"href":"https:\/\/uniprof.com.br\/blog\/wp-json\/wp\/v2\/media\/926"}],"wp:attachment":[{"href":"https:\/\/uniprof.com.br\/blog\/wp-json\/wp\/v2\/media?parent=925"}],"wp:term":[{"taxonomy":"category","embeddable":true,"href":"https:\/\/uniprof.com.br\/blog\/wp-json\/wp\/v2\/categories?post=925"},{"taxonomy":"post_tag","embeddable":true,"href":"https:\/\/uniprof.com.br\/blog\/wp-json\/wp\/v2\/tags?post=925"}],"curies":[{"name":"wp","href":"https:\/\/api.w.org\/{rel}","templated":true}]}}